{"id":8121,"date":"2022-09-15T22:10:00","date_gmt":"2022-09-16T01:10:00","guid":{"rendered":"https:\/\/www.semanariolocal.cl\/?p=8121"},"modified":"2022-09-15T23:13:54","modified_gmt":"2022-09-16T02:13:54","slug":"ministerio-de-energia-y-sec-entregan-consejos-para-uso-seguro-de-energeticos-en-fiestas-patrias","status":"publish","type":"post","link":"https:\/\/www.semanariolocal.cl\/?p=8121","title":{"rendered":"Ministerio de Energ\u00eda y SEC entregan consejos para  uso seguro de  energ\u00e9ticos en Fiestas Patrias"},"content":{"rendered":"\n<p>Una serie de recomendaciones para que el uso de los energ\u00e9ticos en los hogares del pa\u00eds no conlleve riesgos, durante estas Fiestas Patrias, entregaron el Ministerio de Energ\u00eda y la Superintendencia de Electricidad y Combustibles, para as\u00ed reducir situaciones que puedan, eventualmente, afectar a las personas o bienes materiales.<\/p>\n\n\n\n<p>Es importante que artefactos como parrillas, tanto a gas como el\u00e9ctricas, al igual que las cocinas, deben ser sometidas a mantenciones, lo que pueden realizar los servicios t\u00e9cnicos de cada marca. Si las familias deben adquirir un producto nuevo, deben realizarlo en el comercio establecido y verificar que posea su SELLO SEC.<\/p>\n\n\n\n<p>Al manipular parrillas en el hogar, es clave seguir las instrucciones entregadas por el fabricante, entendiendo que cada producto posee caracter\u00edsticas especiales. Por ejemplo, las parrillas el\u00e9ctricas deben conectarse a la red de forma directa, evitando usar alargadores, mientras que los equipos a gas deben operar en zonas ventiladas.<\/p>\n\n\n\n<p>Para conectar un cilindro o \u201cbal\u00f3n\u201d de gas a alg\u00fan artefacto, tanto el regulador como el flexible a utilizar deben contar con SELLO SEC, adem\u00e1s de verificar su fecha de vencimiento. Para retirar el sello de seguridad de un cilindro, no hay que utilizar cuchillos o tijeras, para as\u00ed evitar da\u00f1ar la v\u00e1lvula.<\/p>\n\n\n\n<p><strong>La Seremi de Energ\u00eda, Liliana Alarc\u00f3n,<\/strong>&nbsp;indic\u00f3 que \u201cestas recomendaciones buscan que la ciudadan\u00eda no se vea expuesta a situaciones potencialmente riesgosas en estas Fiestas Patrias. Las y los usuarios son los primeros llamados a tomar las medidas necesarias para un uso seguro de los energ\u00e9ticos, ya sea en los hogares o en los lugares donde se trasladen en el contexto de estas fiestas\u201d.<\/p>\n\n\n\n<p>A continuaci\u00f3n,&nbsp;<strong>el<\/strong>&nbsp;<strong>director regional de SEC Los Lagos, \u00c1lvaro Loma-Osorio,<\/strong>&nbsp;se\u00f1al\u00f3 que \u201cen una fecha donde el uso de la electricidad y combustibles aumenta, hay que redoblar los esfuerzos para evitar accidentes, electrocuciones o incendios que se pudieran producir por un uso inadecuado de artefactos el\u00e9ctricos o de gas dentro de nuestros hogares. La idea es disfrutar de estas fechas, en familia, pero con total seguridad\u201d.<\/p>\n\n\n\n<p>En materia el\u00e9ctrica, no se deben sobrecargar las redes el\u00e9ctricas ni conectar en los alargadores o \u201czapatillas\u201d m\u00faltiples artefactos. En este sentido, se recomienda su uso para energizar equipos de baja potencia como televisores, sistemas de audio y similares, evitando as\u00ed enchufar refrigeradores, hervidores o estufas, entre otros.<\/p>\n\n\n\n<p><strong>COMBUSTIBLES SEGUROS<\/strong><\/p>\n\n\n\n<p>Si las familias deciden trasladarse en veh\u00edculo durante Fiestas Patrias, el llamado es a cotizar el precio de las gasolinas en&nbsp;<a href=\"http:\/\/www.bencinaenlinea.cl\/\" target=\"_blank\" rel=\"noreferrer noopener\">www.bencinaenlinea.cl<\/a>, plataforma del Ministerio de Energ\u00eda que entrega datos como el valor y ubicaci\u00f3n de las estaciones de servicio m\u00e1s econ\u00f3micas.<\/p>\n\n\n\n<p>Al momento de seleccionar un hotel, hostal o residencial, hay que revisar que tengan su Sello Verde OK, certificaci\u00f3n que acredita que sus instalaciones interiores de gas son seguras, reduciendo situaciones de riesgo como fugas de gas o la presencia de mon\u00f3xido de carbono, gas que se origina durante la combusti\u00f3n y genera dolores de cabeza, mareos, n\u00e1useas, debilitamiento general e incluso la muerte.<\/p>\n\n\n\n<p>Para comprar, almacenar y transportar combustibles, si son cantidades peque\u00f1as, los envases deben tener medidas de seguridad como un sistema de cierre seguro y no usar contenedores de vidrio, botellas desechables o materiales fr\u00e1giles.<\/p>\n\n\n\n<p>La SEC y el Ministerio de Energ\u00eda recordaron que ante situaciones de potencial riesgo en el uso de los energ\u00e9ticos, la ciudadan\u00eda puede denunciar estos hechos ingresando a&nbsp;<a href=\"http:\/\/www.sec.cl\/\" target=\"_blank\" rel=\"noreferrer noopener\">www.sec.cl<\/a>, sitio web disponible incluso desde tel\u00e9fonos celulares.<\/p>\n\n\n\n<p>Por \u00faltimo, la invitaci\u00f3n es a seguir la cuenta oficial de la SEC en Instagram (@sec_chile), donde la ciudadan\u00eda podr\u00e1 acceder a informaci\u00f3n \u00fatil y consejos de seguridad para el uso de los energ\u00e9ticos, la que se suma a nuestros perfiles disponibles en Twitter (@SEC_cl) y Facebook, como Superintendencia SEC.<\/p>\n","protected":false},"excerpt":{"rendered":"<p>Las autoridades entregaron una serie de recomendaciones, destacando los cuidados al utilizar parrillas a gas y el\u00e9ctricas y la importancia que hoteles y hostales cuenten con Sello Verde OK, lo que acredita que sus instalaciones de gas son seguras.<\/p>\n","protected":false},"author":1,"featured_media":8122,"comment_status":"closed","ping_status":"closed","sticky":false,"template":"","format":"standard","meta":{"footnotes":""},"categories":[3],"tags":[],"class_list":["post-8121","post","type-post","status-publish","format-standard","has-post-thumbnail","hentry","category-al-dia"],"_links":{"self":[{"href":"https:\/\/www.semanariolocal.cl\/index.php?rest_route=\/wp\/v2\/posts\/8121","targetHints":{"allow":["GET"]}}],"collection":[{"href":"https:\/\/www.semanariolocal.cl\/index.php?rest_route=\/wp\/v2\/posts"}],"about":[{"href":"https:\/\/www.semanariolocal.cl\/index.php?rest_route=\/wp\/v2\/types\/post"}],"author":[{"embeddable":true,"href":"https:\/\/www.semanariolocal.cl\/index.php?rest_route=\/wp\/v2\/users\/1"}],"replies":[{"embeddable":true,"href":"https:\/\/www.semanariolocal.cl\/index.php?rest_route=%2Fwp%2Fv2%2Fcomments&post=8121"}],"version-history":[{"count":1,"href":"https:\/\/www.semanariolocal.cl\/index.php?rest_route=\/wp\/v2\/posts\/8121\/revisions"}],"predecessor-version":[{"id":8123,"href":"https:\/\/www.semanariolocal.cl\/index.php?rest_route=\/wp\/v2\/posts\/8121\/revisions\/8123"}],"wp:featuredmedia":[{"embeddable":true,"href":"https:\/\/www.semanariolocal.cl\/index.php?rest_route=\/wp\/v2\/media\/8122"}],"wp:attachment":[{"href":"https:\/\/www.semanariolocal.cl\/index.php?rest_route=%2Fwp%2Fv2%2Fmedia&parent=8121"}],"wp:term":[{"taxonomy":"category","embeddable":true,"href":"https:\/\/www.semanariolocal.cl\/index.php?rest_route=%2Fwp%2Fv2%2Fcategories&post=8121"},{"taxonomy":"post_tag","embeddable":true,"href":"https:\/\/www.semanariolocal.cl\/index.php?rest_route=%2Fwp%2Fv2%2Ftags&post=8121"}],"curies":[{"name":"wp","href":"https:\/\/api.w.org\/{rel}","templated":true}]}}