{"id":8118,"date":"2022-09-15T07:10:55","date_gmt":"2022-09-15T10:10:55","guid":{"rendered":"https:\/\/www.semanariolocal.cl\/?p=8118"},"modified":"2022-09-15T23:15:34","modified_gmt":"2022-09-16T02:15:34","slug":"seminario-abordo-alta-brecha-digital-de-las-mujeres-rurales","status":"publish","type":"post","link":"https:\/\/www.semanariolocal.cl\/?p=8118","title":{"rendered":"Seminario abord\u00f3 alta brecha digital de las mujeres rurales\u00a0"},"content":{"rendered":"\n<p>Contrastando los datos arrojados por el estudio realizado por la Direcci\u00f3n de Estudios de PRODEMU, bajo un convenio suscrito con INDAP y Fundaci\u00f3n para la Innovaci\u00f3n Agraria (FIA), se realiz\u00f3 un seminario que mostr\u00f3 una experiencia exitosa en digitalizaci\u00f3n del agro y el camino a nivel ministerial que se ha desarrollado para presentar las actuales herramientas e innovaciones que ofrecen los servicios del agro para acortar la brecha digital que enfrentan las mujeres rurales respecto al uso de TIC.<\/p>\n\n\n\n<p>Entre los datos relevantes que mostr\u00f3 el estudio, destaca la diferencia entre las regiones involucradas. Destacando como una de las de mayor acceso a la Regi\u00f3n Metropolitana, seguida por la regi\u00f3n de Valpara\u00edso. Mientras que en la ruralidad del Maule y O\u2019Higgins se muestra una alta brecha digital ya que en ambas regiones m\u00e1s del 50% de las\/os usuarias\/os se\u00f1al\u00f3 no tener acceso a internet.<\/p>\n\n\n\n<p>Otro de los resultados detect\u00f3 una brecha de g\u00e9nero en los ingresos de 9,1% a nivel general de toda la macrozona central (ingresos para las mujeres fue de $271.857 y para los hombres $299.152). Por otro lado, las mujeres realizan labores de cuidados en un 45% m\u00e1s que los hombres encuestados.<\/p>\n\n\n\n<p>En esa l\u00ednea, la directora nacional de Prodemu, Marcela Sandoval Osorio, se\u00f1al\u00f3 que \u201cel estudio arroj\u00f3 que las mujeres en zonas rurales se conectan m\u00e1s a internet para prolongar su labor en la casa, esto es contribuir a una \u2018triple jornada\u2019. Tenemos que impulsar que en el mundo rural las mujeres tengan un rol de avanzada y se pueda innovar desde las tecnolog\u00edas a la reconversi\u00f3n laboral\u201d.<\/p>\n\n\n\n<p>Por parte de INDAP, el director nacional, Santiago Rojas Alessandri, indic\u00f3 que \u201cestamos comprometidos con el enfoque de g\u00e9nero y en eso es muy importante comprender las problem\u00e1ticas que hoy en d\u00eda, afectan a las mujeres del mundo rural, por eso es importante el estudio, porque nos ayuda a entender cu\u00e1les son las problem\u00e1ticas y las prioridades. Nos damos cuenta que a\u00fan existen muchas brechas\u201d.<\/p>\n\n\n\n<p>Eve Crowley, representante de FAO Chile, complement\u00f3 al respecto que \u201cpueden contribuir a disminuir brechas socio-econ\u00f3micas que, com\u00fanmente, existen entre hombre y mujeres. Tal vez esta pueda ser una herramienta para apoyar a las mujeres en su autonom\u00eda econ\u00f3mica y en el desarrollo de sus capacidades. FAO est\u00e1 comprometida con el desarrollo rural y generar mecanismos de trabajo con mujeres es un eje transversal en esta tarea\u201d.<\/p>\n\n\n\n<p>Desde la Fundaci\u00f3n para la Innovaci\u00f3n Agraria se relev\u00f3 la importancia de dar continuidad a lo que desde el a\u00f1o 2000 se ha estado trabajando en conjunto con los servicios del Ministerio de Agricultura \u2013 como la Comisi\u00f3n de Igualdad de Oportunidades y la Mesa TIC Rural \u2013 con el objetivo de posicionar a las mujeres como promotoras e impulsoras de un sector que a diario nos presenta muchos desaf\u00edos.&nbsp;<\/p>\n\n\n\n<p>\u201cLas TIC tienen una particularidad desde la mirada de las mujeres ya que de forma innata se organizan y comunican; ya sea quienes viven en sectores rurales o urbanos. Por lo tanto, este seminario y pionero estudio buscan reforzar el prop\u00f3sito de que la conectividad permite que ellas sean protagonistas en un entorno en el que se las ha invisibilizado\u201d, se\u00f1al\u00f3 Francine Brossard, directora ejecutiva de FIA.<\/p>\n\n\n\n<p>Al cierre del encuentro, se realiz\u00f3 un conversatorio, moderado por Eve Crowley, a fin de abrir el debate sobre el uso de internet y TIC en las mujeres de zonas rurales. En el espacio, se destac\u00f3 los desaf\u00edos del Ministerio de Agricultura y los diversos organismos del Estado para tomar decisiones que acorten las brechas digitales en la agricultura.<\/p>\n","protected":false},"excerpt":{"rendered":"<p>El encuentro fue organizado por la Fundaci\u00f3n para la Innovaci\u00f3n Agraria (FIA), Indap y Prodemu con el apoyo de FAO Chile.<\/p>\n","protected":false},"author":1,"featured_media":8119,"comment_status":"closed","ping_status":"closed","sticky":false,"template":"","format":"standard","meta":{"footnotes":""},"categories":[3],"tags":[],"class_list":["post-8118","post","type-post","status-publish","format-standard","has-post-thumbnail","hentry","category-al-dia"],"_links":{"self":[{"href":"https:\/\/www.semanariolocal.cl\/index.php?rest_route=\/wp\/v2\/posts\/8118","targetHints":{"allow":["GET"]}}],"collection":[{"href":"https:\/\/www.semanariolocal.cl\/index.php?rest_route=\/wp\/v2\/posts"}],"about":[{"href":"https:\/\/www.semanariolocal.cl\/index.php?rest_route=\/wp\/v2\/types\/post"}],"author":[{"embeddable":true,"href":"https:\/\/www.semanariolocal.cl\/index.php?rest_route=\/wp\/v2\/users\/1"}],"replies":[{"embeddable":true,"href":"https:\/\/www.semanariolocal.cl\/index.php?rest_route=%2Fwp%2Fv2%2Fcomments&post=8118"}],"version-history":[{"count":1,"href":"https:\/\/www.semanariolocal.cl\/index.php?rest_route=\/wp\/v2\/posts\/8118\/revisions"}],"predecessor-version":[{"id":8120,"href":"https:\/\/www.semanariolocal.cl\/index.php?rest_route=\/wp\/v2\/posts\/8118\/revisions\/8120"}],"wp:featuredmedia":[{"embeddable":true,"href":"https:\/\/www.semanariolocal.cl\/index.php?rest_route=\/wp\/v2\/media\/8119"}],"wp:attachment":[{"href":"https:\/\/www.semanariolocal.cl\/index.php?rest_route=%2Fwp%2Fv2%2Fmedia&parent=8118"}],"wp:term":[{"taxonomy":"category","embeddable":true,"href":"https:\/\/www.semanariolocal.cl\/index.php?rest_route=%2Fwp%2Fv2%2Fcategories&post=8118"},{"taxonomy":"post_tag","embeddable":true,"href":"https:\/\/www.semanariolocal.cl\/index.php?rest_route=%2Fwp%2Fv2%2Ftags&post=8118"}],"curies":[{"name":"wp","href":"https:\/\/api.w.org\/{rel}","templated":true}]}}