{"id":8115,"date":"2022-09-15T23:07:40","date_gmt":"2022-09-16T02:07:40","guid":{"rendered":"https:\/\/www.semanariolocal.cl\/?p=8115"},"modified":"2022-09-15T23:07:41","modified_gmt":"2022-09-16T02:07:41","slug":"san-juan-de-la-costa-municipio-acude-en-apoyo-de-familias-de-victimas-de-accidente-en-puninque","status":"publish","type":"post","link":"https:\/\/www.semanariolocal.cl\/?p=8115","title":{"rendered":"San Juan de la Costa: Municipio acude en apoyo de familias de v\u00edctimas de accidente en Puninque"},"content":{"rendered":"\n<p>Como un hecho complejo, lamentable y que enluta a la comuna de San Juan de la Costa, calific\u00f3 el alcalde Bernardo Candia el fatal accidente ocurrido en el sector de Puninque y que dej\u00f3 como saldo un fallecido y m\u00e1s de una decena de heridos de diversa gravedad.<\/p>\n\n\n\n<p>Producto de este hecho, el equipo municipal despleg\u00f3 una serie de acciones tendientes a atender la urgencia requerida por las diferentes familias afectadas.<\/p>\n\n\n\n<p>\u201cLamentar el hecho que ha ocurrido en nuestra comuna, en una fecha donde todos esperamos pasarlo bien, hay familias que lo est\u00e1n pasando muy mal, con mucho dolor. Darle mi fraternal saludo y p\u00e9same a la familia que ha perdido un ser querido y lamentar un accidente que ha sido terrible para nuestra comuna, para 55 familias que hoy d\u00eda no lo est\u00e1n pasando bien\u201d, coment\u00f3 Candia.<\/p>\n\n\n\n<p>Al mismo tiempo, coment\u00f3 que desde ocurrido este accidente, los equipos de emergencia municipal, el departamento de salud y Dideco, est\u00e1n trabajando en atender los requerimientos de las familias, lo que continuar\u00e1 durante los pr\u00f3ximos d\u00edas.<\/p>\n\n\n\n<p>\u201cEn los pr\u00f3ximos d\u00edas, seguiremos apoyando a nuestras familias de San Juan de la Costa en estos dif\u00edciles momentos. Los apoyaremos en distintas l\u00edneas de acci\u00f3n, ya sea con ayuda social, pero tambi\u00e9n con asistencia psicol\u00f3gica y asistencia a domicilio para atender a aquellos que tengan una situaci\u00f3n de mayor gravedad\u201d agreg\u00f3.<\/p>\n\n\n\n<p>Finalmente, hizo un llamado a toda la comunidad a \u201ctomar las medidas de seguridad necesarias para trasladarse, no s\u00f3lo hacia San Juan de la Costa, sino por todas las rutas de la Provincia de Osorno, para as\u00ed evitar situaciones que son complejas, lamentables y que enlutan a toda la comunidad\u201d.<\/p>\n","protected":false},"excerpt":{"rendered":"<p>Como un hecho complejo, lamentable y que enluta a la comuna de San Juan de la Costa, calific\u00f3 el alcalde Bernardo Candia el fatal accidente ocurrido en el sector de Puninque y que dej\u00f3 como saldo un fallecido y m\u00e1s de una decena de heridos de diversa gravedad. Producto de este hecho, el equipo municipal&#8230;<a class=\"btnReadMore\" href=\"https:\/\/www.semanariolocal.cl\/?p=8115\"> Leer M\u00e1s<\/a><\/p>\n","protected":false},"author":1,"featured_media":8116,"comment_status":"closed","ping_status":"closed","sticky":false,"template":"","format":"standard","meta":{"footnotes":""},"categories":[3],"tags":[],"class_list":["post-8115","post","type-post","status-publish","format-standard","has-post-thumbnail","hentry","category-al-dia"],"_links":{"self":[{"href":"https:\/\/www.semanariolocal.cl\/index.php?rest_route=\/wp\/v2\/posts\/8115","targetHints":{"allow":["GET"]}}],"collection":[{"href":"https:\/\/www.semanariolocal.cl\/index.php?rest_route=\/wp\/v2\/posts"}],"about":[{"href":"https:\/\/www.semanariolocal.cl\/index.php?rest_route=\/wp\/v2\/types\/post"}],"author":[{"embeddable":true,"href":"https:\/\/www.semanariolocal.cl\/index.php?rest_route=\/wp\/v2\/users\/1"}],"replies":[{"embeddable":true,"href":"https:\/\/www.semanariolocal.cl\/index.php?rest_route=%2Fwp%2Fv2%2Fcomments&post=8115"}],"version-history":[{"count":1,"href":"https:\/\/www.semanariolocal.cl\/index.php?rest_route=\/wp\/v2\/posts\/8115\/revisions"}],"predecessor-version":[{"id":8117,"href":"https:\/\/www.semanariolocal.cl\/index.php?rest_route=\/wp\/v2\/posts\/8115\/revisions\/8117"}],"wp:featuredmedia":[{"embeddable":true,"href":"https:\/\/www.semanariolocal.cl\/index.php?rest_route=\/wp\/v2\/media\/8116"}],"wp:attachment":[{"href":"https:\/\/www.semanariolocal.cl\/index.php?rest_route=%2Fwp%2Fv2%2Fmedia&parent=8115"}],"wp:term":[{"taxonomy":"category","embeddable":true,"href":"https:\/\/www.semanariolocal.cl\/index.php?rest_route=%2Fwp%2Fv2%2Fcategories&post=8115"},{"taxonomy":"post_tag","embeddable":true,"href":"https:\/\/www.semanariolocal.cl\/index.php?rest_route=%2Fwp%2Fv2%2Ftags&post=8115"}],"curies":[{"name":"wp","href":"https:\/\/api.w.org\/{rel}","templated":true}]}}