{"id":8097,"date":"2022-09-14T17:10:38","date_gmt":"2022-09-14T20:10:38","guid":{"rendered":"https:\/\/www.semanariolocal.cl\/?p=8097"},"modified":"2022-09-14T17:10:39","modified_gmt":"2022-09-14T20:10:39","slug":"la-obsidiana-nocturna","status":"publish","type":"post","link":"https:\/\/www.semanariolocal.cl\/?p=8097","title":{"rendered":"La obsidiana nocturna"},"content":{"rendered":"\n<p>El alcohol, la droga, la experiencia sexual deshumanizada y mercantilizada, son algunos de los derroteros que llevan a los j\u00f3venes a la autodestrucci\u00f3n. La ofensa moral, el golpe alevoso y la cuchillada mortal, son parte ineludible de la noche en penumbra, donde los personajes parecen intuir que no pueden escapar de la violencia. En todo este oscuro escenario, aparece como \u00fanica instancia de salvaci\u00f3n, la lejana, la inalcanzable, la esquiva imaginaci\u00f3n creadora.<\/p>\n\n\n\n<p>De ah\u00ed surge&nbsp;<strong><em>La obsidiana nocturna<\/em><\/strong>, que compila siete relatos distintos entre s\u00ed, pero unidos bajo la narrativa realista y din\u00e1mica de Joaqu\u00edn G\u00f3mez, quien recoge magistralmente el mundo de un grupo de j\u00f3venes entrampados en excesos que los van demoliendo gradualmente.<\/p>\n\n\n\n<p>\u201c<strong><em>La obsidiana nocturna<\/em><\/strong>&nbsp;nace desde la desesperaci\u00f3n, desde la necesidad por expresar lo que se vive d\u00eda a d\u00eda y que muchas veces pasamos por alto. En \u00e9l, hay una profunda influencia de diversos artistas tajantemente bohemios, de distintas \u00e1reas, como lo es la generaci\u00f3n beat \u2013Jack Kerouac, William Burroughs y Allen Ginsberg\u2013, Jean-Michel Basquiat, Janis Joplin, Alejandra Pizarnik, el cine de Gaspar No\u00e9 y Pedro Lemebel, por nombrar algunos. En cierto sentido, este libro es como un espejo que intent\u00e9 construir\u201d, comenta Joaqu\u00edn G\u00f3mez.<\/p>\n\n\n\n<p>Y es que haciendo honor al nombre de este libro, al igual que la obsidiana reconocida por su profundo color negro, cada uno de los personajes se desenvuelve en un entorno oscuro, violento. Muchos son v\u00edctimas de la depresi\u00f3n, de la disconformidad, lo que poco a poco se transforma en un baip\u00e1s con las drogas y el alcohol, que terminan convirti\u00e9ndose en el cl\u00edmax de cada cuento.<\/p>\n\n\n\n<p>As\u00ed, el autor indaga y profundiza en la descripci\u00f3n de ambientes, recogiendo de forma genuina la textura de estos, muy al estilo del realismo de Carver o Fante. Con todo sentido, Valpara\u00edso se convierte en el escenario central, sumergi\u00e9ndonos en su esp\u00edritu bohemio y po\u00e9tico, imposible de hallar en otro lugar.<\/p>\n\n\n\n<p>En palabras de Joaqu\u00edn G\u00f3mez, \u201cdefinir\u00eda este libro como una especie de v\u00f3mito urbano, un baile de los que sobran \u2013como Los Prisioneros\u2013, un canto a la pena, pero tambi\u00e9n a lo rom\u00e1ntico que se encuentra en ella\u201d.<\/p>\n\n\n\n<p>Joaqu\u00edn G\u00f3mez Osorio es publicista, naci\u00f3 en 1997 en Vi\u00f1a del Mar y actualmente reside en Quilpu\u00e9. En el \u00e1mbito literario, fue incluido en el 2020 en el libro Autor (antolog\u00eda po\u00e9tica) de la editorial espa\u00f1ola Hago cosas. Posteriormente, en el 2021, obtuvo el primer lugar en el XXV Concurso de Cuentos Duoc UC con su relato Detr\u00e1s del kiosco.<\/p>\n\n\n\n<p>Con Editorial Forja, a los 25 a\u00f1os publica&nbsp;<em><strong>La obsidiana nocturna<\/strong><\/em>, su primer libro de cuentos, en el que recoge el mundo de j\u00f3venes entrampados en diferentes adicciones. Ya est\u00e1 a la venta en&nbsp;<a href=\"https:\/\/boletines.editorialforja.cl\/c\/d76e3\/krejkwqn\/zyvj3u2m1jc\" target=\"_blank\" rel=\"noreferrer noopener\">www.editorialforja.cl<\/a>, en las principales librer\u00edas del pa\u00eds y tambi\u00e9n en formato&nbsp;<em>ebook<\/em>&nbsp;en las principales tiendas del ramo.<\/p>\n","protected":false},"excerpt":{"rendered":"<p>La obsidiana nocturna del escritor Joaqu\u00edn G\u00f3mez Osorio acaba de ser publicado por Editorial Forja. Un volumen de siete cuentos para devorar, que est\u00e1n unidos por la oscuridad de los excesos y la violencia juvenil.<\/p>\n","protected":false},"author":1,"featured_media":8098,"comment_status":"closed","ping_status":"closed","sticky":false,"template":"","format":"standard","meta":{"footnotes":""},"categories":[10],"tags":[],"class_list":["post-8097","post","type-post","status-publish","format-standard","has-post-thumbnail","hentry","category-cultura"],"_links":{"self":[{"href":"https:\/\/www.semanariolocal.cl\/index.php?rest_route=\/wp\/v2\/posts\/8097","targetHints":{"allow":["GET"]}}],"collection":[{"href":"https:\/\/www.semanariolocal.cl\/index.php?rest_route=\/wp\/v2\/posts"}],"about":[{"href":"https:\/\/www.semanariolocal.cl\/index.php?rest_route=\/wp\/v2\/types\/post"}],"author":[{"embeddable":true,"href":"https:\/\/www.semanariolocal.cl\/index.php?rest_route=\/wp\/v2\/users\/1"}],"replies":[{"embeddable":true,"href":"https:\/\/www.semanariolocal.cl\/index.php?rest_route=%2Fwp%2Fv2%2Fcomments&post=8097"}],"version-history":[{"count":1,"href":"https:\/\/www.semanariolocal.cl\/index.php?rest_route=\/wp\/v2\/posts\/8097\/revisions"}],"predecessor-version":[{"id":8099,"href":"https:\/\/www.semanariolocal.cl\/index.php?rest_route=\/wp\/v2\/posts\/8097\/revisions\/8099"}],"wp:featuredmedia":[{"embeddable":true,"href":"https:\/\/www.semanariolocal.cl\/index.php?rest_route=\/wp\/v2\/media\/8098"}],"wp:attachment":[{"href":"https:\/\/www.semanariolocal.cl\/index.php?rest_route=%2Fwp%2Fv2%2Fmedia&parent=8097"}],"wp:term":[{"taxonomy":"category","embeddable":true,"href":"https:\/\/www.semanariolocal.cl\/index.php?rest_route=%2Fwp%2Fv2%2Fcategories&post=8097"},{"taxonomy":"post_tag","embeddable":true,"href":"https:\/\/www.semanariolocal.cl\/index.php?rest_route=%2Fwp%2Fv2%2Ftags&post=8097"}],"curies":[{"name":"wp","href":"https:\/\/api.w.org\/{rel}","templated":true}]}}