{"id":7992,"date":"2022-09-06T08:30:00","date_gmt":"2022-09-06T11:30:00","guid":{"rendered":"https:\/\/www.semanariolocal.cl\/?p=7992"},"modified":"2022-09-06T23:10:20","modified_gmt":"2022-09-07T02:10:20","slug":"presentaran-libro-puerto-del-hambre-mas-alla-de-la-leyenda","status":"publish","type":"post","link":"https:\/\/www.semanariolocal.cl\/?p=7992","title":{"rendered":"Presentar\u00e1n libro: \u00abPuerto del Hambre. M\u00e1s all\u00e1 de la leyenda\u00bb"},"content":{"rendered":"\n<p>La actividad constituye el hito de cierre del proyecto Fondart 488221 (2019)&nbsp;<strong>Primeros asentamientos urbanos en el Estrecho de Magallanes: valuaci\u00f3n arqueol\u00f3gica y geof\u00edsica de Rey Don Felipe (Puerto del Hambre)<\/strong>,&nbsp;dirigido por el Dr. Sim\u00f3n Urbina, acad\u00e9mico de la Escuela de Arqueolog\u00eda de la Universidad Austral de Chile Sede Puerto Montt.<\/p>\n\n\n\n<p>El principal resultado de divulgaci\u00f3n de esta iniciativa es la publicaci\u00f3n&nbsp;<strong>\u00abPuerto del Hambre. M\u00e1s all\u00e1 de la leyenda\u00bb<\/strong>.<\/p>\n\n\n\n<p>Estar\u00e1n presentes en este evento de lanzamiento el\u00a0director regional del Servicio Nacional del Patrimonio Cultural (Serpat),\u00a0Pablo Quercia,\u00a0junto al\u00a0autor y\u00a0acad\u00e9mico de la Escuela de Arqueolog\u00eda de la\u00a0Universidad Austral de Chile,\u00a0Sede Puerto Montt,\u00a0Dr. Sim\u00f3n Urbina\u00a0y la\u00a0directora del Museo Regional de Magallanes del Serpat,\u00a0Paola Grendi.<\/p>\n\n\n\n<p><br>La actividad en la que participar\u00e1n estudiantes de ense\u00f1anza media del Liceo Polivalente Sara Braun de Punta Arenas, especialidad de Turismo, cuenta con el apoyo del Museo Regional de Magallanes,&nbsp;Parque del Estrecho de Magallanes y la Universidad de Magallanes.&nbsp;<\/p>\n\n\n\n<p><strong>El Libro: Puerto del Hambre. M\u00e1s all\u00e1 de la Leyenda.<\/strong><\/p>\n\n\n\n<p>El nuevo libro&nbsp;<strong>Puerto del Hambre. M\u00e1s all\u00e1 de la Leyenda<\/strong>&nbsp;es fruto de tres proyectos de investigaci\u00f3n y la voluntad de un equipo comprometido con la divulgaci\u00f3n cient\u00edfica y el patrimonio, liderado por Soledad Gonz\u00e1lez D\u00edaz, V\u00edctor Mart\u00ednez Mellado y Sim\u00f3n Urbina Araya.<\/p>\n\n\n\n<p>Puerto del Hambre es el nombre con que Thomas Cavendish, un navegante ingl\u00e9s, bautiz\u00f3 a&nbsp;<strong>Rey Don Felipe<\/strong>, la ciudad que el imperio espa\u00f1ol fund\u00f3 en el estrecho de Magallanes a finales del siglo XVI. Fue un intento de colonizaci\u00f3n fallido, cuya tr\u00e1gica historia se convirti\u00f3 en una leyenda que trascendi\u00f3 fronteras y siglos. Sin embargo, y m\u00e1s all\u00e1 de la leyenda, la historia de esta peque\u00f1a playa magall\u00e1nica y su gente se remonta a varios milenios antes de la fundaci\u00f3n de Rey Don Felipe. Y continu\u00f3 por cientos de a\u00f1os m\u00e1s, en un viaje que fusiona extrav\u00edo, misterio, perseverancia y azar.<\/p>\n\n\n\n<p>El texto que podr\u00e1 descargarse de manera gratuita ser\u00e1 difundido por el sitio web del Parque del Estrecho:&nbsp;<a href=\"https:\/\/www.parquedelestrecho.cl\/\" target=\"_blank\" rel=\"noreferrer noopener\">https:\/\/www.parquedelestrecho.cl\/<\/a><\/p>\n","protected":false},"excerpt":{"rendered":"<p>La actividad constituye el hito de cierre del proyecto Fondart 488221 (2019)&nbsp;Primeros asentamientos urbanos en el Estrecho de Magallanes: valuaci\u00f3n arqueol\u00f3gica y geof\u00edsica de Rey Don Felipe (Puerto del Hambre),&nbsp;dirigido por el Dr. Sim\u00f3n Urbina, acad\u00e9mico de la Escuela de Arqueolog\u00eda de la Universidad Austral de Chile Sede Puerto Montt. El principal resultado de divulgaci\u00f3n&#8230;<a class=\"btnReadMore\" href=\"https:\/\/www.semanariolocal.cl\/?p=7992\"> Leer M\u00e1s<\/a><\/p>\n","protected":false},"author":1,"featured_media":7993,"comment_status":"closed","ping_status":"closed","sticky":false,"template":"","format":"standard","meta":{"footnotes":""},"categories":[10],"tags":[],"class_list":["post-7992","post","type-post","status-publish","format-standard","has-post-thumbnail","hentry","category-cultura"],"_links":{"self":[{"href":"https:\/\/www.semanariolocal.cl\/index.php?rest_route=\/wp\/v2\/posts\/7992","targetHints":{"allow":["GET"]}}],"collection":[{"href":"https:\/\/www.semanariolocal.cl\/index.php?rest_route=\/wp\/v2\/posts"}],"about":[{"href":"https:\/\/www.semanariolocal.cl\/index.php?rest_route=\/wp\/v2\/types\/post"}],"author":[{"embeddable":true,"href":"https:\/\/www.semanariolocal.cl\/index.php?rest_route=\/wp\/v2\/users\/1"}],"replies":[{"embeddable":true,"href":"https:\/\/www.semanariolocal.cl\/index.php?rest_route=%2Fwp%2Fv2%2Fcomments&post=7992"}],"version-history":[{"count":1,"href":"https:\/\/www.semanariolocal.cl\/index.php?rest_route=\/wp\/v2\/posts\/7992\/revisions"}],"predecessor-version":[{"id":7994,"href":"https:\/\/www.semanariolocal.cl\/index.php?rest_route=\/wp\/v2\/posts\/7992\/revisions\/7994"}],"wp:featuredmedia":[{"embeddable":true,"href":"https:\/\/www.semanariolocal.cl\/index.php?rest_route=\/wp\/v2\/media\/7993"}],"wp:attachment":[{"href":"https:\/\/www.semanariolocal.cl\/index.php?rest_route=%2Fwp%2Fv2%2Fmedia&parent=7992"}],"wp:term":[{"taxonomy":"category","embeddable":true,"href":"https:\/\/www.semanariolocal.cl\/index.php?rest_route=%2Fwp%2Fv2%2Fcategories&post=7992"},{"taxonomy":"post_tag","embeddable":true,"href":"https:\/\/www.semanariolocal.cl\/index.php?rest_route=%2Fwp%2Fv2%2Ftags&post=7992"}],"curies":[{"name":"wp","href":"https:\/\/api.w.org\/{rel}","templated":true}]}}