{"id":7984,"date":"2022-09-06T08:00:00","date_gmt":"2022-09-06T11:00:00","guid":{"rendered":"https:\/\/www.semanariolocal.cl\/?p=7984"},"modified":"2022-09-06T13:39:44","modified_gmt":"2022-09-06T16:39:44","slug":"diputado-jurgensendichos-del-presidente-de-colombia-ofenden-a-chile-y-su-democracia%ef%bf%bc","status":"publish","type":"post","link":"https:\/\/www.semanariolocal.cl\/?p=7984","title":{"rendered":"Diputado J\u00fcrgensen:\u00bbdichos del Presidente de Colombia ofenden a Chile y su democracia\u201d"},"content":{"rendered":"\n<p>Molesto se mostr\u00f3 el diputado Harry J\u00fcrgensen (indep-Republicano), tras conocer los dichos del Presidente de Colombia Gustavo Petro, a prop\u00f3sito de los resultados del Plebiscito de Salida, desarrollado este domingo en Chile y que dio un amplio triunfo a la opci\u00f3n Rechazo<\/p>\n\n\n\n<p>Fue as\u00ed como a trav\u00e9s de su cuenta en la plataforma Twitter el Presidente del pa\u00eds cafetero se\u00f1al\u00f3 \u201cRevivi\u00f3 Pinochet\u201d y agreg\u00f3 en un segundo mensaje: \u201cS\u00f3lo si las fuerzas democr\u00e1ticas y sociales se unen, ser\u00e1 posible dejar atr\u00e1s un pasado que mancha a toda Am\u00e9rica Latina y abrir las alamedas democr\u00e1ticas\u201d.&nbsp;&nbsp;<\/p>\n\n\n\n<p>A juicio del parlamentario por el Distrito 25, Regi\u00f3n de Los Lagos, sostuvo que \u201clas palabras de Gustavo Petro son una falta de respeto al ejemplar proceso que Chile vivi\u00f3 ayer, en que el pueblo chileno se manifest\u00f3 claramente con abrumadora participaci\u00f3n. El Presidente de Colombia ofende a Chile, a su gente y su democracia\u201d.<\/p>\n\n\n\n<p>Asimismo, el legislador integrante de la comisi\u00f3n de Relaciones Exteriores de la C\u00e1mara Baja, indic\u00f3 a trav\u00e9s de sus redes sociales que el \u201cPresidente Gabriel Boric y la Ministra de Relaciones Exteriores, Antonia Urrejola, deben enviar una nota de protesta al Presidente Gustavo Petro\u201d.<\/p>\n\n\n\n<p>Adicionalmente, present\u00f3 junto a otros diputados, un proyecto de resoluci\u00f3n, para que la C\u00e1mara de Diputados, de manera oficial, solicite al Presidente de la Rep\u00fablica enviar una nota de protesta a su par de Colombia, por sus comentarios tras la elecci\u00f3n.<\/p>\n","protected":false},"excerpt":{"rendered":"<p>El legislador tambi\u00e9n pidi\u00f3 al Gobierno que env\u00ede una nota de protesta a Gustavo Petro y anunci\u00f3 la presentaci\u00f3n de un proyecto para que la C\u00e1mara de Diputados, de manera oficial, solicite a Boric que env\u00ede dicho documento a Bogot\u00e1.<\/p>\n","protected":false},"author":1,"featured_media":7985,"comment_status":"closed","ping_status":"closed","sticky":false,"template":"","format":"standard","meta":{"footnotes":""},"categories":[3,6],"tags":[],"class_list":["post-7984","post","type-post","status-publish","format-standard","has-post-thumbnail","hentry","category-al-dia","category-politica"],"_links":{"self":[{"href":"https:\/\/www.semanariolocal.cl\/index.php?rest_route=\/wp\/v2\/posts\/7984","targetHints":{"allow":["GET"]}}],"collection":[{"href":"https:\/\/www.semanariolocal.cl\/index.php?rest_route=\/wp\/v2\/posts"}],"about":[{"href":"https:\/\/www.semanariolocal.cl\/index.php?rest_route=\/wp\/v2\/types\/post"}],"author":[{"embeddable":true,"href":"https:\/\/www.semanariolocal.cl\/index.php?rest_route=\/wp\/v2\/users\/1"}],"replies":[{"embeddable":true,"href":"https:\/\/www.semanariolocal.cl\/index.php?rest_route=%2Fwp%2Fv2%2Fcomments&post=7984"}],"version-history":[{"count":2,"href":"https:\/\/www.semanariolocal.cl\/index.php?rest_route=\/wp\/v2\/posts\/7984\/revisions"}],"predecessor-version":[{"id":7987,"href":"https:\/\/www.semanariolocal.cl\/index.php?rest_route=\/wp\/v2\/posts\/7984\/revisions\/7987"}],"wp:featuredmedia":[{"embeddable":true,"href":"https:\/\/www.semanariolocal.cl\/index.php?rest_route=\/wp\/v2\/media\/7985"}],"wp:attachment":[{"href":"https:\/\/www.semanariolocal.cl\/index.php?rest_route=%2Fwp%2Fv2%2Fmedia&parent=7984"}],"wp:term":[{"taxonomy":"category","embeddable":true,"href":"https:\/\/www.semanariolocal.cl\/index.php?rest_route=%2Fwp%2Fv2%2Fcategories&post=7984"},{"taxonomy":"post_tag","embeddable":true,"href":"https:\/\/www.semanariolocal.cl\/index.php?rest_route=%2Fwp%2Fv2%2Ftags&post=7984"}],"curies":[{"name":"wp","href":"https:\/\/api.w.org\/{rel}","templated":true}]}}