{"id":7857,"date":"2022-08-28T08:20:00","date_gmt":"2022-08-28T12:20:00","guid":{"rendered":"https:\/\/www.semanariolocal.cl\/?p=7857"},"modified":"2022-08-29T19:02:07","modified_gmt":"2022-08-29T23:02:07","slug":"chile-cambia-pero-hay-cosas-que-no-cambian","status":"publish","type":"post","link":"https:\/\/www.semanariolocal.cl\/?p=7857","title":{"rendered":"Chile cambia, pero hay cosas que no cambian"},"content":{"rendered":"\n<p>Una persona que duerme \u00a1haciendo equilibrio en un \u00e1rbol!, otra que cay\u00f3 a un alcantarillado donde permaneci\u00f3 dos d\u00edas enterrada, rucos quemados en vendetta por el asesinato de un joven en las inmediaciones del lugar, desalojos institucionalizados en una actitud que parece una limpieza aporof\u00f3bica con mensajes estigmatizadores m\u00e1s que una pol\u00edtica social sensible y comprensiva de la manifestaci\u00f3n m\u00e1s dura de la pobreza.<\/p>\n\n\n\n<p>Todas son situaciones que se han sucedido en el norte de Chile, en Antofagasta, recientemente, pero no son exclusivas de esa zona del pa\u00eds. Hemos visto episodios similares en casi todas las regiones. Todos dan cuenta del impacto que est\u00e1 teniendo la inflaci\u00f3n, agravando a\u00fan m\u00e1s la crisis de la vivienda. A esto se suma el fen\u00f3meno migratorio, que ha multiplicado la presencia de ni\u00f1os, ni\u00f1as y adolescentes en calle, y las consecuencias de la pandemia, que sigue manifest\u00e1ndose, inclemente.<\/p>\n\n\n\n<p>Por eso, al concluir este Mes de la Solidaridad insistimos en que \u201cChile cambia, pero hay cosas que no cambian\u201d.<\/p>\n\n\n\n<p>Estuvimos con tres gigantograf\u00edas que muestran los \u201crucos\u201d, las precarias viviendas de Heriberto, Patricia y Juan, en Punta Arenas, Antofagasta y Concepci\u00f3n, respectivamente. Ellos son personas en situaci\u00f3n de calle. Ella y ellos nos dejaron mostrar \u201csus casas\u201d y nos contaron sus vidas. Patricia, la m\u00e1s dura, reclam\u00f3 por los muchos amigos que ha visto morir de fr\u00edo, seres humanos invisibles, que tienen o tuvieron familia y que se perdieron, normalmente por una fractura existencial dram\u00e1tica. En casos tan l\u00edmite, donde el consumo de drogas y alcohol es simplemente una \u201cmuleta\u201d que permite caminar en la oscuridad que representa la vida en calle, instalar etiquetas como \u201cflojos\u201d, \u201csucios\u201d, \u201cdelincuentes\u201d, \u201cilegales\u201d, no ayuda a nadie. Y ella, en Antofagasta, reclam\u00f3 por eso.<\/p>\n\n\n\n<p>Juan y Heriberto llamaron a ponerse en el lugar de ellos. A intentar imaginar lo imposible que les resulta todo. Por c\u00f3mo est\u00e1n vestidos, huelen, hablan. No lo dijeron as\u00ed, pero su llamado fue a empatizar. A verlos.&nbsp; &nbsp;<\/p>\n\n\n\n<p>Si para todos, la vida no es f\u00e1cil, \u00bfcu\u00e1n compleja lo es para alguien que se quebr\u00f3, cay\u00f3, perdi\u00f3 y ha llegado a un punto en que ni siquiera tiene un lugar donde hacer sus necesidades, tomar agua potable, ba\u00f1arse, guardar sus documentos, sus medicamentos, hacer el amor, protegerse, en una calle cada vez m\u00e1s violenta? &nbsp;<\/p>\n\n\n\n<p>\u00bfC\u00f3mo se vive sin un techo protector?<\/p>\n\n\n\n<p>Eso es lo que buscamos visibilizar este Mes de la Solidaridad 2022, en que como siempre recordamos a Alberto Hurtado. \u00c9l, que luego ser\u00eda santificado, fue m\u00e1s que nada un visionario y un activista social que recogi\u00f3 ni\u00f1os en la calle, buscando darles un hogar, y que consideraba que la vivienda era una necesidad m\u00e1s imperiosa incluso que tener vestido. Para \u00e9l, la miseria no era un problema pol\u00edtico, sino un problema de fraternidad. De falta de solidaridad. A llenar esa carencia, apelamos con nuestra campa\u00f1a \u201cChile cambia, pero hay cosas que no cambian\u201d. A involucrarse y ayudar a los que no tienen nada.<\/p>\n\n\n\n<p><strong>Antonio Cortes, Jefe Social de Hogar de Cristo en Chilo\u00e9.<\/strong><\/p>\n","protected":false},"excerpt":{"rendered":"<p>Una persona que duerme \u00a1haciendo equilibrio en un \u00e1rbol!, otra que cay\u00f3 a un alcantarillado donde permaneci\u00f3 dos d\u00edas enterrada, rucos quemados en vendetta por el asesinato de un joven en las inmediaciones del lugar, desalojos institucionalizados en una actitud que parece una limpieza aporof\u00f3bica con mensajes estigmatizadores m\u00e1s que una pol\u00edtica social sensible y&#8230;<a class=\"btnReadMore\" href=\"https:\/\/www.semanariolocal.cl\/?p=7857\"> Leer M\u00e1s<\/a><\/p>\n","protected":false},"author":1,"featured_media":7858,"comment_status":"closed","ping_status":"closed","sticky":false,"template":"","format":"standard","meta":{"footnotes":""},"categories":[3],"tags":[],"class_list":["post-7857","post","type-post","status-publish","format-standard","has-post-thumbnail","hentry","category-al-dia"],"_links":{"self":[{"href":"https:\/\/www.semanariolocal.cl\/index.php?rest_route=\/wp\/v2\/posts\/7857","targetHints":{"allow":["GET"]}}],"collection":[{"href":"https:\/\/www.semanariolocal.cl\/index.php?rest_route=\/wp\/v2\/posts"}],"about":[{"href":"https:\/\/www.semanariolocal.cl\/index.php?rest_route=\/wp\/v2\/types\/post"}],"author":[{"embeddable":true,"href":"https:\/\/www.semanariolocal.cl\/index.php?rest_route=\/wp\/v2\/users\/1"}],"replies":[{"embeddable":true,"href":"https:\/\/www.semanariolocal.cl\/index.php?rest_route=%2Fwp%2Fv2%2Fcomments&post=7857"}],"version-history":[{"count":1,"href":"https:\/\/www.semanariolocal.cl\/index.php?rest_route=\/wp\/v2\/posts\/7857\/revisions"}],"predecessor-version":[{"id":7859,"href":"https:\/\/www.semanariolocal.cl\/index.php?rest_route=\/wp\/v2\/posts\/7857\/revisions\/7859"}],"wp:featuredmedia":[{"embeddable":true,"href":"https:\/\/www.semanariolocal.cl\/index.php?rest_route=\/wp\/v2\/media\/7858"}],"wp:attachment":[{"href":"https:\/\/www.semanariolocal.cl\/index.php?rest_route=%2Fwp%2Fv2%2Fmedia&parent=7857"}],"wp:term":[{"taxonomy":"category","embeddable":true,"href":"https:\/\/www.semanariolocal.cl\/index.php?rest_route=%2Fwp%2Fv2%2Fcategories&post=7857"},{"taxonomy":"post_tag","embeddable":true,"href":"https:\/\/www.semanariolocal.cl\/index.php?rest_route=%2Fwp%2Fv2%2Ftags&post=7857"}],"curies":[{"name":"wp","href":"https:\/\/api.w.org\/{rel}","templated":true}]}}