{"id":7851,"date":"2022-08-28T08:00:00","date_gmt":"2022-08-28T12:00:00","guid":{"rendered":"https:\/\/www.semanariolocal.cl\/?p=7851"},"modified":"2022-08-29T18:14:07","modified_gmt":"2022-08-29T22:14:07","slug":"fundacion-las-rosas-necesita-voluntarios-para-su-colecta-nacional-2022","status":"publish","type":"post","link":"https:\/\/www.semanariolocal.cl\/?p=7851","title":{"rendered":"Fundaci\u00f3n Las Rosas necesita voluntarios para su colecta nacional 2022"},"content":{"rendered":"\n<p>Tal como ocurre en millones de hogares en Chile, los 28 hogares de Fundaci\u00f3n Las Rosas se han visto afectados con el alza de precios de los productos b\u00e1sicos. Tambi\u00e9n viven la incertidumbre para mantener activos sus programas de rehabilitaci\u00f3n y salud, dirigidos a las 2.000 personas mayores que acoge, con un promedio de 83 a\u00f1os y que requieren de cuidados especiales para seguir adelante.<\/p>\n\n\n\n<p>\u201cEfectivamente nuestros gastos han aumentado en un 20% este a\u00f1o, sin embargo, queremos seguir entregando una atenci\u00f3n de primer nivel a las personas mayores, que incluya adem\u00e1s kinesiolog\u00eda, fonoaudiolog\u00eda, nuestro programa de salud mental y todos aquellas atenciones y talleres necesarios para su bienestar, manteni\u00e9ndolos integrados y felices. Ellos se lo merecen\u201d, afirma la Directora de Desarrollo de la Fundaci\u00f3n, Tatiana Viveros.<\/p>\n\n\n\n<p>Ella agrega que \u201cQuiz\u00e1 a las personas les cuesta imaginar que en nuestros Hogares usamos, por ejemplo, 1.500 kilos de arroz mensualmente o que todos los d\u00edas necesitamos contar con cerca de 500 kilos de pan. Para todo esto necesitamos recursos, que nacen de la solidaridad de todos los chilenos y chilenas\u201d.<\/p>\n\n\n\n<p><strong>Voluntarios<\/strong><\/p>\n\n\n\n<p>El llamado de la instituci\u00f3n solidaria es a apoyar a los 2.000 residentes de Fundaci\u00f3n Las Rosas, inscribi\u00e9ndose ahora como voluntario para su colecta nacional, a trav\u00e9s del sitio <a href=\"http:\/\/www.fundacionlasrosas.cl\">www.fundacionlasrosas.cl<\/a><\/p>\n\n\n\n<p>\u201cCada voluntario representar\u00e1 simb\u00f3licamente a los residentes de la Fundaci\u00f3n y los apoyar\u00e1 utilizando una alcanc\u00eda digital con la que podr\u00e1 solicitar apoyos entre sus familiares, amigos o cercanos, como puede ser su curso, sus compa\u00f1eros de trabajo, etc.\u201d, afirma Tatiana Viveros.<\/p>\n\n\n\n<p>Adem\u00e1s, para quienes tambi\u00e9n quieran y puedan, existe la posibilidad de inscribirse para \u201csalir a la calle\u201d por ellos y ellas, entre los d\u00edas 30 de septiembre, 1 y 2 de octubre, cuando se realice la colecta en calle a nivel nacional.<\/p>\n\n\n\n<p>\u201cLa pandemia es otra situaci\u00f3n compleja que hemos vivido, donde nuestros Hogares estuvieron casi 2 a\u00f1os cerrados a visitas de voluntarios. Esto los dej\u00f3 bastante solos, por eso hoy tenemos la oportunidad de volver a acompa\u00f1arlos siendo voluntarios digitales para difundir en redes o bien salir a la calle los d\u00edas se\u00f1alados\u201d, dice Viveros.<\/p>\n\n\n\n<p>La directora de Fundaci\u00f3n Las Rosas agrega que una vez que finalice la colecta, cada Hogar FLR invitar\u00e1 a los 20 voluntarios que m\u00e1s se activen en esta colecta para compartir una tarde recreativa con los residentes y conocer uno de los 28 Hogares que opera la Fundaci\u00f3n entre las regiones de Coquimbo y Los Lagos.<\/p>\n\n\n\n<p>\u201cFundaci\u00f3n Las Rosas, desde 1967, realiza su misi\u00f3n solidaria gracias a la participaci\u00f3n de todo Chile. Por eso este a\u00f1o, pese a las dificultades, estamos seguros que miles tender\u00e1n su mano fraterna y se inscribir\u00e1n como voluntarios en esta colecta\u201d finaliza la directora de Desarrollo de la instituci\u00f3n solidaria.<\/p>\n","protected":false},"excerpt":{"rendered":"<p>El objetivo es que los voluntarios representen a los 2.000 residentes de la instituci\u00f3n solidaria, inscribi\u00e9ndose para participar v\u00eda on line o presencialmente en calle.<\/p>\n<p>Durante los d\u00edas que restan de agosto y todo el mes de septiembre, Fundaci\u00f3n Las Rosas inscribir\u00e1 voluntarios a trav\u00e9s de su sitio web. El principal requisito es querer ayudar a las personas mayores vulnerables que se acogen en nuestros hogares.<\/p>\n","protected":false},"author":1,"featured_media":7852,"comment_status":"closed","ping_status":"closed","sticky":false,"template":"","format":"standard","meta":{"footnotes":""},"categories":[3],"tags":[],"class_list":["post-7851","post","type-post","status-publish","format-standard","has-post-thumbnail","hentry","category-al-dia"],"_links":{"self":[{"href":"https:\/\/www.semanariolocal.cl\/index.php?rest_route=\/wp\/v2\/posts\/7851","targetHints":{"allow":["GET"]}}],"collection":[{"href":"https:\/\/www.semanariolocal.cl\/index.php?rest_route=\/wp\/v2\/posts"}],"about":[{"href":"https:\/\/www.semanariolocal.cl\/index.php?rest_route=\/wp\/v2\/types\/post"}],"author":[{"embeddable":true,"href":"https:\/\/www.semanariolocal.cl\/index.php?rest_route=\/wp\/v2\/users\/1"}],"replies":[{"embeddable":true,"href":"https:\/\/www.semanariolocal.cl\/index.php?rest_route=%2Fwp%2Fv2%2Fcomments&post=7851"}],"version-history":[{"count":1,"href":"https:\/\/www.semanariolocal.cl\/index.php?rest_route=\/wp\/v2\/posts\/7851\/revisions"}],"predecessor-version":[{"id":7853,"href":"https:\/\/www.semanariolocal.cl\/index.php?rest_route=\/wp\/v2\/posts\/7851\/revisions\/7853"}],"wp:featuredmedia":[{"embeddable":true,"href":"https:\/\/www.semanariolocal.cl\/index.php?rest_route=\/wp\/v2\/media\/7852"}],"wp:attachment":[{"href":"https:\/\/www.semanariolocal.cl\/index.php?rest_route=%2Fwp%2Fv2%2Fmedia&parent=7851"}],"wp:term":[{"taxonomy":"category","embeddable":true,"href":"https:\/\/www.semanariolocal.cl\/index.php?rest_route=%2Fwp%2Fv2%2Fcategories&post=7851"},{"taxonomy":"post_tag","embeddable":true,"href":"https:\/\/www.semanariolocal.cl\/index.php?rest_route=%2Fwp%2Fv2%2Ftags&post=7851"}],"curies":[{"name":"wp","href":"https:\/\/api.w.org\/{rel}","templated":true}]}}