{"id":7841,"date":"2022-08-29T17:30:00","date_gmt":"2022-08-29T21:30:00","guid":{"rendered":"https:\/\/www.semanariolocal.cl\/?p=7841"},"modified":"2022-08-29T18:04:14","modified_gmt":"2022-08-29T22:04:14","slug":"destinan-mas-de-500-millones-para-reactivar-gremios-y-asociaciones-mype","status":"publish","type":"post","link":"https:\/\/www.semanariolocal.cl\/?p=7841","title":{"rendered":"Destinan m\u00e1s de 500 millones para reactivar gremios y asociaciones MYPE\u00a0"},"content":{"rendered":"\n<p>El Servicio de Cooperaci\u00f3n T\u00e9cnica (SERCOTEC) de la regi\u00f3n de Los Lagos lanz\u00f3 una nueva convocatoria para proyectos asociativos. Se trata del Programa de Apoyo a Gremios y Asociaciones MYPE, que otorga a los seleccionados un subsidio que puede llegar hasta los quince millones de pesos para financiar iniciativas que otorguen valor agregado a sus productos y servicios, o que les permitan implementar medidas sanitarias contra el Covid.<\/p>\n\n\n\n<p>El programa fue lanzado en las remozadas dependencias de la C\u00e1mara de Turismo de Llanquihue, actividad en la que participaron personeros p\u00fablicos regionales, comunales y sectoriales, as\u00ed como tambi\u00e9n representantes de micro y peque\u00f1as empresas agrupadas en gremios o asociaciones.<\/p>\n\n\n\n<p>En la actividad, se invit\u00f3 a participar a todas aquellas agrupaciones que re\u00fanan entre sus miembros a por lo menos un 50 por ciento de personas naturales o jur\u00eddicas, con iniciaci\u00f3n de actividades, tanto en primera como segunda categor\u00eda, y&nbsp; que registren ventas inferiores a 25 mil Unidades de Fomento (UF) Mensuales.<\/p>\n\n\n\n<p>En s\u00ed, el llamado a postular al Programa de Apoyo a Gremios y Asociaciones MYPE, va dirigido a entidades como c\u00e1maras de comercio o turismo, federaciones regionales, sindicatos de trabajadores independientes o cualquier organizaci\u00f3n funcional o territorial que tenga una vocaci\u00f3n productiva.<\/p>\n\n\n\n<p>Para postular, los interesados deben ingresar su proyecto a la plataforma especializada en www.sercotec.cl&nbsp;&nbsp; con el 21 de septiembre como fecha m\u00e1xima.<\/p>\n\n\n\n<p>Cabe precisar que las cooperativas no est\u00e1n llamadas a participar en este fondo, pues existe uno exclusivamente para tales agrupaciones productivas, denominado Programa de Apoyo a la Creaci\u00f3n y Fortalecimiento de las Cooperativas, que tambi\u00e9n fue presentado en la actividad, y que opera en la modalidad ventanilla abierta.&nbsp;<\/p>\n\n\n\n<p><strong>Asociatividad a todo nivel<\/strong><\/p>\n\n\n\n<p>Ambos programas, tanto para las MYPE como para las cooperativas, corresponden a un trabajo mancomunado entre SERCOTEC y el Gobierno Regional de Los Lagos, que destin\u00f3 500 millones de pesos para cada uno de estos fondos, y que se encarga de la ejecuci\u00f3n y asesor\u00eda a los postulantes.<\/p>\n\n\n\n<p>Gloria Gonz\u00e1lez, jefa de la Divisi\u00f3n de Fomento Productivo del Gobierno Regional, explic\u00f3 que la asociatividad en todo nivel es la clave para levantar la econom\u00eda del territorio, una visi\u00f3n que marca la gesti\u00f3n del gobernador Patricio Vallesp\u00edn, dijo.<\/p>\n\n\n\n<p>En tal sentido, Gonz\u00e1lez agreg\u00f3 que la unidad regional financia durante este a\u00f1o m\u00e1s de 18 mil millones de pesos en iniciativas de reactivaci\u00f3n econ\u00f3mica, dentro de los cuales se encuentra el Programa de Apoyo a Gremios y Asociaciones MYPE.<\/p>\n\n\n\n<p><em>\u201cBuscamos fomentar el cooperativismo, el trabajo colaborativo. eso en la micro empresa, en el emprendedor y tambi\u00e9n en el sector p\u00fablico. Junto a Sercotec somos socios estrat\u00e9gicos. Hoy lanzamos mil millones de pesos y son concomitantes con los otros quince mil millones de pesos que se est\u00e1n bajando desde la divisi\u00f3n que yo dirijo, que es la de Fomento Productivo. A ellos se suman otros tres mil millones en el \u00e1mbito social, lo cual es tambi\u00e9n tremendamente relevante junto a estas inversiones en lo productivo\u201d, <\/em>sostuvo.<\/p>\n\n\n\n<p>Desde la Serem\u00eda de Econom\u00eda, Turismo y Fomento en la regi\u00f3n de Los Lagos, su titular, Luis C\u00e1rdenas, destac\u00f3 el trabajo intersectorial entre el Gore y Sercotec, el que sintoniza cabalmente con lo planteado por el presidente Gabriel Boric, que ha refrendado la importancia de la asociatividad y el cooperativismo en la tarea de desarrollar el pa\u00eds.<\/p>\n\n\n\n<p><em>\u201cEncontramos muy pertinente que el Gobierno Regional est\u00e9 haciendo extensivos estos programas, porque de verdad necesitamos reactivar la econom\u00eda local y esto es una muestra. Buscamos mejorar la asociatividad. Para nuestro Gobierno es muy relevante y va en la misma l\u00ednea de lo que manifiesta el Gobernador. Por lo tanto nos parece que, en la medida en que vayamos trabajando en conjunto entre el Gobierno Regional y con el gobierno de nuestro presidente Gabriel Boric, podemos avanzar muy fuertemente hacia una verdadera descentralizaci\u00f3n, porque lo que se busca es descentralizar algunas cuestiones que se manejan desde Santiago y hoy nos parece pertinente avanzar en ese camino\u201d, <\/em>explic\u00f3 el seremi de Econom\u00eda.&nbsp;&nbsp;<\/p>\n\n\n\n<p><strong>Impacto local<\/strong><\/p>\n\n\n\n<p>El presidente de la C\u00e1mara de Turismo de Llanquihue, Patricio Silva, destac\u00f3 el impacto de l\u00edneas de financiamiento de este tipo, sobre todo por los efectos del Coronavirus en la econom\u00eda local y comunal.<\/p>\n\n\n\n<p>M\u00e1s a\u00fan porque tienen la experiencia reciente de recibir recursos para reactivarse, con los cuales ya se encuentran ejecutando un proyecto para innovar en eficiencia energ\u00e9tica y climatizaci\u00f3n en las dependencias de la C\u00e1mara de Turismo.<\/p>\n\n\n\n<p>Silva agradeci\u00f3 el apoyo gubernamental y tambi\u00e9n el de SERCOTEC, no s\u00f3lo por los recursos, sino tambi\u00e9n por la asesor\u00eda que se les entrega en la postulaci\u00f3n. \u201cNos permite so\u00f1ar\u201d, reconoci\u00f3.<\/p>\n\n\n\n<p>\u201cAyuda a seguir so\u00f1ando con nuestros proyectos. Es dif\u00edcil a veces postular, pero hoy tenemos harta cooperaci\u00f3n y ayuda de SERCOTEC. En el Centro de Negocios hay gente muy interesante que dispone de su tiempo para que uno pueda ser favorecido en su proyecto\u201d, coment\u00f3 el dirigente gremial.<\/p>\n\n\n\n<p>El alcalde de Llanquihue, Victor Angulo Mu\u00f1oz, valor\u00f3&nbsp; inicialmente que el lanzamiento se haya realizado en la comuna que dirige, pues es una muestra de descentralizaci\u00f3n, a su juicio.<\/p>\n\n\n\n<p>Tambi\u00e9n agradeci\u00f3 la preocupaci\u00f3n por la reactivaci\u00f3n de la econom\u00eda comunal y territorial, viendo en la zona rural un espacio donde la asociatividad puede otorgar grandes oportunidades de desarrollo.<\/p>\n\n\n\n<p>\u201cAc\u00e1, por ejemplo, tenemos agrupaciones campesinas, que est\u00e1n trabajando muy fuertemente en asociarse, haciendo un gran esfuerzo. Aparte, en mi calidad de presidente de la Asociaci\u00f3n de la Cuenca del Lago Llanquihue, que re\u00fane a las comunas de Puerto Varas, Frutillar, Puerto Octay y, por supuesto, Llanquihue, estamos trabajando muy fuerte en eso: tratar de asociar a las agrupaciones en torno a una idea en com\u00fan, a un trabajo en com\u00fan, porque creemos y estamos convencidos de que es la forma, hoy en d\u00eda, de buscar mejores oportunidades para el desarrollo\u201d, remarc\u00f3 el jefe comunal.&nbsp;<\/p>\n\n\n\n<p><strong>L\u00edneas de financiamiento<\/strong><\/p>\n\n\n\n<p>El Programa de Apoyo a Gremios y Asociaciones MYPE entrega un subsidio para financiar tres l\u00edneas de proyectos: implementaci\u00f3n de medidas sanitarias ante el COVID; desarrollo de acciones para la activaci\u00f3n y reapertura econ\u00f3mica, as\u00ed como la generaci\u00f3n de nuevos y mejores servicios o productos que contribuyan al autofinanciamiento.<\/p>\n\n\n\n<p>La primera de ella se ha vuelto una necesidad tras la pandemia del COVID. As\u00ed, los participantes podr\u00e1n acceder a recursos para financiar, por ejemplo,&nbsp; kit de sanitizaci\u00f3n; micas separadoras, pantallas divisoras o implementaci\u00f3n de sanitizadores; term\u00f3metros infrarrojos o digitales, implementos e insumos de sanitizaci\u00f3n o cualquier otra idea que cumpla tal objetivo.<\/p>\n\n\n\n<p>La segunda l\u00ednea, en tanto, busca reactivar la econom\u00eda regional, resentida por los efectos de la pandemia del COVID y ante lo cual los peque\u00f1os y medianos empresarios deben por fuerza adaptarse. As\u00ed se mencion\u00f3 como ejemplo: letreros de aforo m\u00e1ximo en restaurantes y comercios; demarcaciones de distanciamiento social y, se\u00f1al\u00e9ticas; habilitaci\u00f3n de carros de compra o pago digital en p\u00e1ginas web; kits para delivery, marketing digital, campa\u00f1as educativas sanitarias, entre otros.<\/p>\n\n\n\n<p>La tercera l\u00ednea financiar\u00e1 acciones que mejoren los productos y servicios o busquen la innovaci\u00f3n en los mismos y que tengan por fin contribuir al autofinanciamiento del gremio o la asociaci\u00f3n. Por ejemplo, servicios y\/o productos pagados por sus socios a precios menores que el mercado que les permitan al gremio un ingreso extra a las cuotas sociales.<\/p>\n\n\n\n<p><strong>Requisitos<\/strong><\/p>\n\n\n\n<p>Aquellos que deseen participar del Programa de Apoyo a Gremios y Asociaciones MYPE deber\u00e1n presentar documentaci\u00f3n legal y tributaria actualizada, c\u00f3mo la personalidad jur\u00eddica de la organizaci\u00f3n y el Rut ante el Servicio de Impuestos Internos.<\/p>\n\n\n\n<p>Adem\u00e1s, quienes resulten beneficiados deber\u00e1n aportar un dos por ciento del total del proyecto, bajo el concepto de cofinanciamiento.<\/p>\n","protected":false},"excerpt":{"rendered":"<p>El Servicio de Cooperaci\u00f3n T\u00e9cnica (SERCOTEC) de la regi\u00f3n de Los Lagos lanz\u00f3 una nueva convocatoria para proyectos asociativos. Se trata del Programa de Apoyo a Gremios y Asociaciones MYPE, que otorga a los seleccionados un subsidio que puede llegar hasta los quince millones de pesos para financiar iniciativas que otorguen valor agregado a sus&#8230;<a class=\"btnReadMore\" href=\"https:\/\/www.semanariolocal.cl\/?p=7841\"> Leer M\u00e1s<\/a><\/p>\n","protected":false},"author":1,"featured_media":7842,"comment_status":"closed","ping_status":"closed","sticky":false,"template":"","format":"standard","meta":{"footnotes":""},"categories":[3,12],"tags":[],"class_list":["post-7841","post","type-post","status-publish","format-standard","has-post-thumbnail","hentry","category-al-dia","category-economia"],"_links":{"self":[{"href":"https:\/\/www.semanariolocal.cl\/index.php?rest_route=\/wp\/v2\/posts\/7841","targetHints":{"allow":["GET"]}}],"collection":[{"href":"https:\/\/www.semanariolocal.cl\/index.php?rest_route=\/wp\/v2\/posts"}],"about":[{"href":"https:\/\/www.semanariolocal.cl\/index.php?rest_route=\/wp\/v2\/types\/post"}],"author":[{"embeddable":true,"href":"https:\/\/www.semanariolocal.cl\/index.php?rest_route=\/wp\/v2\/users\/1"}],"replies":[{"embeddable":true,"href":"https:\/\/www.semanariolocal.cl\/index.php?rest_route=%2Fwp%2Fv2%2Fcomments&post=7841"}],"version-history":[{"count":2,"href":"https:\/\/www.semanariolocal.cl\/index.php?rest_route=\/wp\/v2\/posts\/7841\/revisions"}],"predecessor-version":[{"id":7844,"href":"https:\/\/www.semanariolocal.cl\/index.php?rest_route=\/wp\/v2\/posts\/7841\/revisions\/7844"}],"wp:featuredmedia":[{"embeddable":true,"href":"https:\/\/www.semanariolocal.cl\/index.php?rest_route=\/wp\/v2\/media\/7842"}],"wp:attachment":[{"href":"https:\/\/www.semanariolocal.cl\/index.php?rest_route=%2Fwp%2Fv2%2Fmedia&parent=7841"}],"wp:term":[{"taxonomy":"category","embeddable":true,"href":"https:\/\/www.semanariolocal.cl\/index.php?rest_route=%2Fwp%2Fv2%2Fcategories&post=7841"},{"taxonomy":"post_tag","embeddable":true,"href":"https:\/\/www.semanariolocal.cl\/index.php?rest_route=%2Fwp%2Fv2%2Ftags&post=7841"}],"curies":[{"name":"wp","href":"https:\/\/api.w.org\/{rel}","templated":true}]}}