{"id":7838,"date":"2022-08-29T07:05:00","date_gmt":"2022-08-29T11:05:00","guid":{"rendered":"https:\/\/www.semanariolocal.cl\/?p=7838"},"modified":"2022-08-29T18:05:28","modified_gmt":"2022-08-29T22:05:28","slug":"exigen-al-gobierno-invocar-ley-de-seguridad-interior-del-estado-por-ultraje-a-la-bandera","status":"publish","type":"post","link":"https:\/\/www.semanariolocal.cl\/?p=7838","title":{"rendered":"Exigen al Gobierno invocar Ley de Seguridad Interior del Estado por ultraje a la bandera"},"content":{"rendered":"\n<p>Hasta el Palacio de La Moneda, y portando una bandera nacional, lleg\u00f3 un grupo de diputados de la UDI para solicitarle al Gobierno que se querellen por Ley de Seguridad Interior del Estado en contra del grupo art\u00edstico que, durante una actividad por el Apruebo en Valpara\u00edso, cometi\u00f3 un grave y ofensivo acto al simular un aborto utilizando el s\u00edmbolo patrio, todo ello bajo la presencia de cientos de ni\u00f1os y adolescentes que participaron de la actividad, cuyo car\u00e1cter era familiar.<\/p>\n\n\n\n<p>Al respecto, los parlamentarios Juan Antonio Coloma, Cristi\u00e1n Labb\u00e9, Felipe Donoso, Cristhian Moreira, Marlene P\u00e9rez, Daniel Lilayu, Flor Weisse, Marco Antonio Sulantay y Sergio Bobadilla, emplazaron al Ejecutivo a ejercer todas las acciones legales que correspondan, se\u00f1alando que uno de los art\u00edculos de dicha ley establece que el ultraje a la bandera de Chile constituye un grave delito contra el orden p\u00fablico, por lo que es \u201cindispensable\u201d aplicarlo para este caso.<\/p>\n\n\n\n<p>\u201cLo que ocurri\u00f3 el s\u00e1bado en Valpara\u00edso no s\u00f3lo es una verg\u00fcenza, sino que es un acto doloroso para todo el pa\u00eds. Por eso es que hemos venido a La Moneda para solicitarle al Gobierno que no titubee en presentar todas las acciones legales que sean necesarias, y a nuestro juicio la principal es la Ley de Seguridad Interior del Estado, porque es la \u00fanica dentro de nuestra legislaci\u00f3n que sanciona el grave ultraje que cometieron contra nuestra bandera nacional\u201d, manifestaron los diputados UDI, quienes agregaron que \u201chay que recalcar que esta ley s\u00f3lo puede ser invocada por el Ejecutivo, por lo tanto las actuales autoridades tienen la obligaci\u00f3n y el deber moral de hacerla efectiva\u201d.<\/p>\n\n\n\n<p>En esa l\u00ednea, los parlamentarios gremialistas se\u00f1alaron incluso que las acciones legales no s\u00f3lo debiesen interponerse contra el grupo que cometi\u00f3 dicho delito, sino que tambi\u00e9n los organizadores del evento (Apruebo Transformar), entre los que se encuentra el propio alcalde de Valpara\u00edso, Jorge Sharp, asegurando que exist\u00eda pleno conocimiento del tipo de presentaciones que suele realizar el grupo \u201cLas Indetectables\u201d, las que fueron invitadas con bastante anticipaci\u00f3n a la actividad.<\/p>\n\n\n\n<p>\u201cLo primero, es que el Gobierno debe tener la valent\u00eda para invocar esta ley contra el autodenominado grupo art\u00edstico por la vulgaridad que cometieron. Lo segundo, es que no presenten la querella contra quienes resulten responsables, sino que de manera individualizada, porque todos sabemos qui\u00e9nes fueron. Y lo tercero, es que la hagan extensiva a los organizadores del evento, porque exist\u00edan suficientes antecedentes para saber que esta agrupaci\u00f3n ha hecho del ultraje de la bandera un modus operandi en sus presentaciones\u201d, insistieron los legisladores.<\/p>\n\n\n\n<p>Por \u00faltimo, los diputados UDI reiteraron que \u201clas im\u00e1genes que vimos en Valpara\u00edso no son casualidad, y es una conducta que durante los \u00faltimos tres a\u00f1os la ultra izquierda ha instaurado con bastante fuerza, pero ahora que ahora reniegan porque estamos en medio de un proceso electoral\u201d, concluyendo con que \u201clos responsables de ultrajar nuestra bandera y de vulnerar los derechos de los ni\u00f1os, ni\u00f1as y adolescentes deben responder ante la justicia por su responsabilidad, y el Gobierno debe ser lo suficientemente valiente para perseguirlos con todo el rigor de la ley\u201d.<\/p>\n","protected":false},"excerpt":{"rendered":"<p>Incluso, los parlamentarios gremialistas solicitaron que en la querella se individualice a los responsables y se extienda tambi\u00e9n a todos los organizadores del evento. <\/p>\n","protected":false},"author":1,"featured_media":7839,"comment_status":"closed","ping_status":"closed","sticky":false,"template":"","format":"standard","meta":{"footnotes":""},"categories":[3],"tags":[],"class_list":["post-7838","post","type-post","status-publish","format-standard","has-post-thumbnail","hentry","category-al-dia"],"_links":{"self":[{"href":"https:\/\/www.semanariolocal.cl\/index.php?rest_route=\/wp\/v2\/posts\/7838","targetHints":{"allow":["GET"]}}],"collection":[{"href":"https:\/\/www.semanariolocal.cl\/index.php?rest_route=\/wp\/v2\/posts"}],"about":[{"href":"https:\/\/www.semanariolocal.cl\/index.php?rest_route=\/wp\/v2\/types\/post"}],"author":[{"embeddable":true,"href":"https:\/\/www.semanariolocal.cl\/index.php?rest_route=\/wp\/v2\/users\/1"}],"replies":[{"embeddable":true,"href":"https:\/\/www.semanariolocal.cl\/index.php?rest_route=%2Fwp%2Fv2%2Fcomments&post=7838"}],"version-history":[{"count":1,"href":"https:\/\/www.semanariolocal.cl\/index.php?rest_route=\/wp\/v2\/posts\/7838\/revisions"}],"predecessor-version":[{"id":7840,"href":"https:\/\/www.semanariolocal.cl\/index.php?rest_route=\/wp\/v2\/posts\/7838\/revisions\/7840"}],"wp:featuredmedia":[{"embeddable":true,"href":"https:\/\/www.semanariolocal.cl\/index.php?rest_route=\/wp\/v2\/media\/7839"}],"wp:attachment":[{"href":"https:\/\/www.semanariolocal.cl\/index.php?rest_route=%2Fwp%2Fv2%2Fmedia&parent=7838"}],"wp:term":[{"taxonomy":"category","embeddable":true,"href":"https:\/\/www.semanariolocal.cl\/index.php?rest_route=%2Fwp%2Fv2%2Fcategories&post=7838"},{"taxonomy":"post_tag","embeddable":true,"href":"https:\/\/www.semanariolocal.cl\/index.php?rest_route=%2Fwp%2Fv2%2Ftags&post=7838"}],"curies":[{"name":"wp","href":"https:\/\/api.w.org\/{rel}","templated":true}]}}