{"id":7830,"date":"2022-08-29T07:10:00","date_gmt":"2022-08-29T11:10:00","guid":{"rendered":"https:\/\/www.semanariolocal.cl\/?p=7830"},"modified":"2022-08-29T18:05:06","modified_gmt":"2022-08-29T22:05:06","slug":"delegacion-osorno-retoma-mesa-provincial-antiabigeato-y-autoridades-llaman-a-la-prevencion","status":"publish","type":"post","link":"https:\/\/www.semanariolocal.cl\/?p=7830","title":{"rendered":"Delegaci\u00f3n Osorno retoma Mesa Provincial Antiabigeato y autoridades llaman a la prevenci\u00f3n"},"content":{"rendered":"\n<p>Encabezada por la Delegada Presidencial de la Provincia de Osorno, Claudia Pailalef, se retom\u00f3 la Mesa Anti Abigeato Provincial, instancia donde se abordaron acciones de fiscalizaci\u00f3n y socializaci\u00f3n de la situaci\u00f3n actual&nbsp; de este delito, para continuar trabajando en la detecci\u00f3n y prevenci\u00f3n del abigeato en la&nbsp;Provincia de Osorno.<\/p>\n\n\n\n<p>La reuni\u00f3n cont\u00f3 con la&nbsp; presencia del Fiscal de Los Lagos, Rodrigo Oyarz\u00fan, Carabineros a trav\u00e9s del Teniente Coronel y Subprefecto de los Servicios, Marcelo Salas, el Servicio de Impuestos Internos, Polic\u00eda de Investigaciones y representante del Servicio Agr\u00edcola y Ganadero SAG.<\/p>\n\n\n\n<p>Seg\u00fan indic\u00f3 la Delegada Presidencial, la Mesa Antiabigeato Provincial es una instancia necesaria que busca detener el avance de este tipo de delito, por eso esta acci\u00f3n de coordinaci\u00f3n estrat\u00e9gica se retoma para avanzar de forma coordinada y colaborativa, haciendo part\u00edcipes a distintos actores que se ir\u00e1n sumando a medida se realicen nuevos encuentros de trabajo.<\/p>\n\n\n\n<p>&nbsp;\u201cSeptiembre es un mes de contingencia dada el alza en el consumo de carne&nbsp;y en adelante el trabajo se mantendr\u00e1 en el tiempo porque la idea es ir sumando a importantes actores&nbsp;en esta cadena, para sobre todo fortalecer el trabajo en red y preventivo, por lo tanto la comunicaci\u00f3n con las comunas tambi\u00e9n ser\u00e1 fundamental\u201d, se\u00f1al\u00f3 la Delegada Presidencial, Claudia Pailalef, agregando que tras un primer diagn\u00f3stico, se ejecutar\u00e1n acciones de fiscalizaci\u00f3n en cada comuna, enfocado en sectores rurales que es donde m\u00e1s se da el &nbsp;carneo o robo de animales, &nbsp;adem\u00e1s del control carretero.<\/p>\n\n\n\n<p>En la reuni\u00f3n el Teniente Coronel&nbsp; de Carabineros y Subprefecto de los Servicios, Marcelo Salas,&nbsp; expuso la situaci\u00f3n actual del delito de abigeato dando a conocer que&nbsp; durante el a\u00f1o se realizan fiscalizaciones en carreteras y en distintas rutas&nbsp; y a ra\u00edz de este trabajo se &nbsp;ha podido dar con veh\u00edculos por encargo, faltas o infracciones a la Ley de Pesca y ahora se suma en las proximidades de Fiestas Patrias, la pesquisa de carnes que ilegalmente puedan ser trasladas y que por supuesto, desde ya se pide a la poblaci\u00f3n a no adquirir productos c\u00e1rneos de dudosa procedencia.<\/p>\n\n\n\n<p>\u201cEste delito tiene un leve incremento con respecto al a\u00f1o pasado que fue un a\u00f1o at\u00edpico producto de la pandemia,&nbsp; por ello pr\u00e1cticamente todos los delitos al compararlos tienden a mostrar un incremento. Es as\u00ed que a la fecha, este a\u00f1o 2022 registramos 115 casos,&nbsp; 27 casos m\u00e1s con respecto al a\u00f1o anterior. En adelante, continuamos con fiscalizaciones en ruta y desde ya hacemos el llamado a los vecinos a adquirir productos en locales autorizados\u201d, sostuvo el Teniente Coronel, Marcelo Salas, Subprefecto de los Servicios de la Prefectura de Carabineros Osorno.<\/p>\n\n\n\n<p>Por su parte, Claudio Millagu\u00edn, el Jefe Provincial de la Seremi de Salud, se\u00f1al\u00f3 que como servicio ya se encuentran elaborando un completo programa de fiscalizaci\u00f3n que como todos los a\u00f1os apunta a la inspecci\u00f3n en &nbsp;carnicer\u00edas, f\u00e1bricas de empanadas y supermercados, nos obstante Millagu\u00edn&nbsp; sostuvo que; \u201ces relevante reiterar el llamado a las familias, a la comunidad, para que no adquieran o consuman carne en lugares que no est\u00e9n autorizados, aludiendo a que es necesario desincentivar el consumo de carne que no cuente con certificado de la Autoridad Sanitaria, porque la comunidad se expone a la transmisi\u00f3n de enfermedades que en ocasiones puede llevar hasta la muerte, por ello es relevante estar informado y evitar delitos contra la salud p\u00fablica, evitando productos que no est\u00e9n certificados\u201d, sentenci\u00f3.<\/p>\n","protected":false},"excerpt":{"rendered":"<p>Encabezada por la Delegada Presidencial de la Provincia de Osorno, Claudia Pailalef, se retom\u00f3 la Mesa Anti Abigeato Provincial, instancia donde se abordaron acciones de fiscalizaci\u00f3n y socializaci\u00f3n de la situaci\u00f3n actual&nbsp; de este delito, para continuar trabajando en la detecci\u00f3n y prevenci\u00f3n del abigeato en la&nbsp;Provincia de Osorno. La reuni\u00f3n cont\u00f3 con la&nbsp; presencia&#8230;<a class=\"btnReadMore\" href=\"https:\/\/www.semanariolocal.cl\/?p=7830\"> Leer M\u00e1s<\/a><\/p>\n","protected":false},"author":1,"featured_media":7831,"comment_status":"closed","ping_status":"closed","sticky":false,"template":"","format":"standard","meta":{"footnotes":""},"categories":[3,9],"tags":[],"class_list":["post-7830","post","type-post","status-publish","format-standard","has-post-thumbnail","hentry","category-al-dia","category-gobierno"],"_links":{"self":[{"href":"https:\/\/www.semanariolocal.cl\/index.php?rest_route=\/wp\/v2\/posts\/7830","targetHints":{"allow":["GET"]}}],"collection":[{"href":"https:\/\/www.semanariolocal.cl\/index.php?rest_route=\/wp\/v2\/posts"}],"about":[{"href":"https:\/\/www.semanariolocal.cl\/index.php?rest_route=\/wp\/v2\/types\/post"}],"author":[{"embeddable":true,"href":"https:\/\/www.semanariolocal.cl\/index.php?rest_route=\/wp\/v2\/users\/1"}],"replies":[{"embeddable":true,"href":"https:\/\/www.semanariolocal.cl\/index.php?rest_route=%2Fwp%2Fv2%2Fcomments&post=7830"}],"version-history":[{"count":1,"href":"https:\/\/www.semanariolocal.cl\/index.php?rest_route=\/wp\/v2\/posts\/7830\/revisions"}],"predecessor-version":[{"id":7832,"href":"https:\/\/www.semanariolocal.cl\/index.php?rest_route=\/wp\/v2\/posts\/7830\/revisions\/7832"}],"wp:featuredmedia":[{"embeddable":true,"href":"https:\/\/www.semanariolocal.cl\/index.php?rest_route=\/wp\/v2\/media\/7831"}],"wp:attachment":[{"href":"https:\/\/www.semanariolocal.cl\/index.php?rest_route=%2Fwp%2Fv2%2Fmedia&parent=7830"}],"wp:term":[{"taxonomy":"category","embeddable":true,"href":"https:\/\/www.semanariolocal.cl\/index.php?rest_route=%2Fwp%2Fv2%2Fcategories&post=7830"},{"taxonomy":"post_tag","embeddable":true,"href":"https:\/\/www.semanariolocal.cl\/index.php?rest_route=%2Fwp%2Fv2%2Ftags&post=7830"}],"curies":[{"name":"wp","href":"https:\/\/api.w.org\/{rel}","templated":true}]}}