{"id":7826,"date":"2022-08-29T07:00:00","date_gmt":"2022-08-29T11:00:00","guid":{"rendered":"https:\/\/www.semanariolocal.cl\/?p=7826"},"modified":"2022-08-29T17:28:22","modified_gmt":"2022-08-29T21:28:22","slug":"fedecarne-realizo-su-asamblea-anual","status":"publish","type":"post","link":"https:\/\/www.semanariolocal.cl\/?p=7826","title":{"rendered":"Fedecarne realiz\u00f3 su Asamblea Anual"},"content":{"rendered":"\n<p>En cumplimiento a sus estatutos el Directorio de Fedecarne se reuni\u00f3 en el recinto SOFO de la ciudad de Temuco, para desarrollar su Asamblea Anual. Participaron los representantes de las Asociaciones Gremiales integrantes de la Federaci\u00f3n, las cuales son : Asociaci\u00f3n de Agricultores de San Antonio, Agr\u00edcola Central (A.G), Federaci\u00f3n de Agricultores de Linares, Asociaci\u00f3n de Productores de Ganado Bovino de Carne de \u00d1uble (APROCARNE \u00d1uble), Sociedad Agr\u00edcola de Bio Bio (SOCABIO A.G.), Sociedad de Fomento Agr\u00edcola de Temuco (SOFO A.G.), Sociedad Agr\u00edcola y Ganadera de la Regi\u00f3n de Los R\u00edos (SAVAL F.G.), Asociaci\u00f3n de Empresarios Agr\u00edcolas de la Provincia de Llanquihue (AGROLLANQUIHUE A.G) y la Asociaci\u00f3n Gremial Agr\u00edcola y Ganadera de Austral (OGANA A.G)<\/p>\n\n\n\n<p>Dentro de la actividad el presidente de Fedecarne, Sr. Ignacio Besoain dio cuenta de su gesti\u00f3n durante el per\u00edodo 2021 y 2022. Destaca la participaci\u00f3n del Directorio de Fedecarne en diferentes instancias p\u00fablico-privadas. Tambi\u00e9n la Federaci\u00f3n ha mantenido un rol activo de defensa y promoci\u00f3n de la carne bovina nacional.<\/p>\n\n\n\n<p>El directorio de Fedecarne realiz\u00f3 un reconocimiento al Sr. Carlos Gonz\u00e1lez Mufdi por su gesti\u00f3n gremial y como expresidente de Fedecarne.<\/p>\n\n\n\n<p>La mesa directiva de Fedecarne se mantiene integrada por el Sr. Ignacio Besoain (presidente), Sr. Carlos Smith (Primer Vicepresidente), Sr. Ra\u00fal Mozo (secretario), Sr. Andr\u00e9s Vera (tesorero). Los dem\u00e1s integrantes del Directorio son los Sres. Francisco Isla, Francisco Morales, Jos\u00e9 Miguel Stegmeier, Ismael Castro, Juan Pablo Galilea.<\/p>\n","protected":false},"excerpt":{"rendered":"<p>En cumplimiento a sus estatutos el Directorio de Fedecarne se reuni\u00f3 en el recinto SOFO de la ciudad de Temuco, para desarrollar su Asamblea Anual. Participaron los representantes de las Asociaciones Gremiales integrantes de la Federaci\u00f3n, las cuales son : Asociaci\u00f3n de Agricultores de San Antonio, Agr\u00edcola Central (A.G), Federaci\u00f3n de Agricultores de Linares, Asociaci\u00f3n&#8230;<a class=\"btnReadMore\" href=\"https:\/\/www.semanariolocal.cl\/?p=7826\"> Leer M\u00e1s<\/a><\/p>\n","protected":false},"author":1,"featured_media":7827,"comment_status":"closed","ping_status":"closed","sticky":false,"template":"","format":"standard","meta":{"footnotes":""},"categories":[20],"tags":[],"class_list":["post-7826","post","type-post","status-publish","format-standard","has-post-thumbnail","hentry","category-agro"],"_links":{"self":[{"href":"https:\/\/www.semanariolocal.cl\/index.php?rest_route=\/wp\/v2\/posts\/7826","targetHints":{"allow":["GET"]}}],"collection":[{"href":"https:\/\/www.semanariolocal.cl\/index.php?rest_route=\/wp\/v2\/posts"}],"about":[{"href":"https:\/\/www.semanariolocal.cl\/index.php?rest_route=\/wp\/v2\/types\/post"}],"author":[{"embeddable":true,"href":"https:\/\/www.semanariolocal.cl\/index.php?rest_route=\/wp\/v2\/users\/1"}],"replies":[{"embeddable":true,"href":"https:\/\/www.semanariolocal.cl\/index.php?rest_route=%2Fwp%2Fv2%2Fcomments&post=7826"}],"version-history":[{"count":2,"href":"https:\/\/www.semanariolocal.cl\/index.php?rest_route=\/wp\/v2\/posts\/7826\/revisions"}],"predecessor-version":[{"id":7829,"href":"https:\/\/www.semanariolocal.cl\/index.php?rest_route=\/wp\/v2\/posts\/7826\/revisions\/7829"}],"wp:featuredmedia":[{"embeddable":true,"href":"https:\/\/www.semanariolocal.cl\/index.php?rest_route=\/wp\/v2\/media\/7827"}],"wp:attachment":[{"href":"https:\/\/www.semanariolocal.cl\/index.php?rest_route=%2Fwp%2Fv2%2Fmedia&parent=7826"}],"wp:term":[{"taxonomy":"category","embeddable":true,"href":"https:\/\/www.semanariolocal.cl\/index.php?rest_route=%2Fwp%2Fv2%2Fcategories&post=7826"},{"taxonomy":"post_tag","embeddable":true,"href":"https:\/\/www.semanariolocal.cl\/index.php?rest_route=%2Fwp%2Fv2%2Ftags&post=7826"}],"curies":[{"name":"wp","href":"https:\/\/api.w.org\/{rel}","templated":true}]}}