{"id":7813,"date":"2022-08-26T08:30:00","date_gmt":"2022-08-26T12:30:00","guid":{"rendered":"https:\/\/www.semanariolocal.cl\/?p=7813"},"modified":"2022-08-26T17:48:54","modified_gmt":"2022-08-26T21:48:54","slug":"multigremiales-del-sur-y-los-rios-se-reunen-con-diputada-joanna-perez-por-seguridad","status":"publish","type":"post","link":"https:\/\/www.semanariolocal.cl\/?p=7813","title":{"rendered":"Multigremiales del Sur y Los R\u00edos se re\u00fanen con diputada Joanna P\u00e9rez por seguridad"},"content":{"rendered":"\n<p>Representantes de las Multigremiales del Sur y Los R\u00edos, de la Agrupaci\u00f3n de Locatarios \u201cLevantemos Valdivia\u201d y del movimiento transversal por la seguridad en Valdivia, sostuvieron un encuentro de trabajo con la diputada Joanna P\u00e9rez (DC), quien visit\u00f3 la regi\u00f3n de Los R\u00edos, en su calidad de presidenta de la Comisi\u00f3n Investigadora sobre actos del Gobierno y delegaciones presidenciales, referidos al resguardo de la seguridad y orden p\u00fablico interno, combate contra la delincuencia, crimen organizado y terrorismo.<\/p>\n\n\n\n<p>El objetivo del encuentro, fue conocer de primera fuente la actual situaci\u00f3n de seguridad y otros aspectos de la Regi\u00f3n de Los R\u00edos, en el escenario de seguridad que enfrenta el pa\u00eds.<\/p>\n\n\n\n<p>Desde la Multigremial del Sur, explicaron que el motivo del encuentro \u201cfue conocer un poco m\u00e1s de nuestra realidad. La diputada nos escuch\u00f3 a cada uno de los asistentes, le entregamos nuestra visi\u00f3n del momento que atravesamos y le entregamos informaci\u00f3n para que ella pueda gestionar en esta comisi\u00f3n investigadora, en busca de soluciones o mecanismos para abordar los hechos de terrorismo que nos afectan\u201d.<\/p>\n\n\n\n<p>Para el presidente de la Multigremial de Los R\u00edos, Pablo Hoffmann, \u201cfue una interesante reuni\u00f3n, es la primera vez que tenemos esta instancia con una autoridad legislativa y tuvimos la oportunidad de informarle y contarle qu\u00e9 es lo que est\u00e1 sucediendo en nuestra zona, en nuestra regi\u00f3n. Le manifestamos nuestra preocupaci\u00f3n por el escaso apoyo que hemos tenido desde el nivel central para poder contrarrestar estos hechos\u201d.<\/p>\n\n\n\n<p>Agreg\u00f3 que \u201cnosotros necesitamos tener como empresarios, emprendedores, agricultores y ciudadanos, la seguridad de que nuestro trabajo y nuestras familias est\u00e1n resguardadas y puedan circular libremente por la regi\u00f3n\u201d. \u201cEstamos contentos y esperamos que esta reuni\u00f3n tenga pronto resultados positivos, tambi\u00e9n solicitamos que se nos incorpore en las reuniones que se est\u00e1n desarrollando en Temuco de la Macrozona Sur, para tener la oportunidad de que se nos considere y tambi\u00e9n nosotros podamos tener los beneficios y medidas de seguridad para nuestros habitantes\u201d.<\/p>\n\n\n\n<p>Por su parte Carlos L\u00f3pez, presidente de la Agrupaci\u00f3n de Locatarios \u201cLevantemos Valdivia\u201d y vocero del movimiento por la seguridad, explic\u00f3 que en el encuentro reuni\u00f3 a \u201cvarios dirigentes sociales de distintas corrientes y organizaciones y realizamos un an\u00e1lisis bien profundo de tem\u00e1ticas relacionadas a la seguridad en la regi\u00f3n y los efectos que ha tenido el terrorismo que poco a poco ha ido ocupando espacios en la zona\u201d.<\/p>\n\n\n\n<p>Agreg\u00f3 que tambi\u00e9n \u201crealizamos un an\u00e1lisis profundo de las medidas que se adoptan por parte de la fiscal\u00eda y los juzgados, y el rol de carabineros que muchas veces son sacados de las ciudades, las cuales quedan en completo desamparo ante el avance de la delincuencia\u201d.<\/p>\n\n\n\n<p>&nbsp;L\u00f3pez manifest\u00f3 que salieron de la reuni\u00f3n \u201ccon bastante esperanza del futuro y con el compromiso de la diputada de trabajar tomando la mirada de nuestra regi\u00f3n. Acordamos en conjunto buscar un camino de soluciones para esta situaci\u00f3n tan compleja que estamos viviendo a nivel comunal, regional y nacional\u201d.<\/p>\n","protected":false},"excerpt":{"rendered":"<p>Representantes de las Multigremiales del Sur y Los R\u00edos, de la Agrupaci\u00f3n de Locatarios \u201cLevantemos Valdivia\u201d y del movimiento transversal por la seguridad en Valdivia, sostuvieron un encuentro de trabajo con la diputada Joanna P\u00e9rez (DC), quien visit\u00f3 la regi\u00f3n de Los R\u00edos, en su calidad de presidenta de la Comisi\u00f3n Investigadora sobre actos del&#8230;<a class=\"btnReadMore\" href=\"https:\/\/www.semanariolocal.cl\/?p=7813\"> Leer M\u00e1s<\/a><\/p>\n","protected":false},"author":1,"featured_media":7814,"comment_status":"closed","ping_status":"closed","sticky":false,"template":"","format":"standard","meta":{"footnotes":""},"categories":[3,6],"tags":[],"class_list":["post-7813","post","type-post","status-publish","format-standard","has-post-thumbnail","hentry","category-al-dia","category-politica"],"_links":{"self":[{"href":"https:\/\/www.semanariolocal.cl\/index.php?rest_route=\/wp\/v2\/posts\/7813","targetHints":{"allow":["GET"]}}],"collection":[{"href":"https:\/\/www.semanariolocal.cl\/index.php?rest_route=\/wp\/v2\/posts"}],"about":[{"href":"https:\/\/www.semanariolocal.cl\/index.php?rest_route=\/wp\/v2\/types\/post"}],"author":[{"embeddable":true,"href":"https:\/\/www.semanariolocal.cl\/index.php?rest_route=\/wp\/v2\/users\/1"}],"replies":[{"embeddable":true,"href":"https:\/\/www.semanariolocal.cl\/index.php?rest_route=%2Fwp%2Fv2%2Fcomments&post=7813"}],"version-history":[{"count":1,"href":"https:\/\/www.semanariolocal.cl\/index.php?rest_route=\/wp\/v2\/posts\/7813\/revisions"}],"predecessor-version":[{"id":7815,"href":"https:\/\/www.semanariolocal.cl\/index.php?rest_route=\/wp\/v2\/posts\/7813\/revisions\/7815"}],"wp:featuredmedia":[{"embeddable":true,"href":"https:\/\/www.semanariolocal.cl\/index.php?rest_route=\/wp\/v2\/media\/7814"}],"wp:attachment":[{"href":"https:\/\/www.semanariolocal.cl\/index.php?rest_route=%2Fwp%2Fv2%2Fmedia&parent=7813"}],"wp:term":[{"taxonomy":"category","embeddable":true,"href":"https:\/\/www.semanariolocal.cl\/index.php?rest_route=%2Fwp%2Fv2%2Fcategories&post=7813"},{"taxonomy":"post_tag","embeddable":true,"href":"https:\/\/www.semanariolocal.cl\/index.php?rest_route=%2Fwp%2Fv2%2Ftags&post=7813"}],"curies":[{"name":"wp","href":"https:\/\/api.w.org\/{rel}","templated":true}]}}