{"id":7810,"date":"2022-08-26T08:20:00","date_gmt":"2022-08-26T12:20:00","guid":{"rendered":"https:\/\/www.semanariolocal.cl\/?p=7810"},"modified":"2022-08-26T17:44:39","modified_gmt":"2022-08-26T21:44:39","slug":"conapach-analiza-el-escenario-politico-ante-la-anulacion-de-la-ley-de-pesca","status":"publish","type":"post","link":"https:\/\/www.semanariolocal.cl\/?p=7810","title":{"rendered":"CONAPACH analiza el escenario pol\u00edtico ante la anulaci\u00f3n de la ley de pesca"},"content":{"rendered":"\n<p>Examinar y deliberar sobre el actual escenario pol\u00edtico derivado de la tramitaci\u00f3n con suma urgencia que el gobierno ha dado a la nulidad de la Ley de Pesca, fue el objetivo de la Reuni\u00f3n Nacional que se realiz\u00f3 este martes 23 y mi\u00e9rcoles 24 de agosto en la casa del pescador de la CONAPACH, donde se dieron cita el ministro de Econom\u00eda, Nicol\u00e1s Grau y el subsecretario de Pesca, Julio Salas.<\/p>\n\n\n\n<p>En la oportunidad, los pescadores artesanales provenientes de las regiones de Arica y Parinacota, Antofagasta, Tarapac\u00e1, Atacama, Biob\u00edo y Los Lagos, expusieron ante el Ministro sobre las dudas e incertidumbres que provocan en el sector una posible anulaci\u00f3n de la normativa, as\u00ed como la necesidades que son imperiosas de tratar en el corto plazo.<\/p>\n\n\n\n<p>De esta forma, Nicol\u00e1s Grau comenz\u00f3 su intervenci\u00f3n dando el itinerario que se ha fijado el gobierno en materia pesquera, aludiendo a la intenci\u00f3n de realizar una ley transparente y participativa mediante talleres locales y regionales; adem\u00e1s de fijar los plazos para la discusi\u00f3n de los 20 puntos comprometidos desde la administraci\u00f3n pesquera.<\/p>\n\n\n\n<p>Entre otras materias, los dirigentes se\u00f1alaron que cualquier discusi\u00f3n referida a la Ley de Pesca debe hacerse de manera responsable y respetando la historia de la actividad artesanal, sin instrumentalizaci\u00f3n pol\u00edtica de parte de partidos o colectividades, con se\u00f1ales claras que cualquier decisi\u00f3n va ir en beneficio de la pesca artesanal y no al contrario, protegiendo los temas que se consideran un avance para quienes efectivamente realizan labores en el mar y no hacia quienes venden los papeles.<\/p>\n\n\n\n<p>Adem\u00e1s hubo reacciones al anuncio realizado por el Ministro, respecto al tratamiento por separado que se dar\u00e1 a la acuicultura a gran escala en la nueva ley, vale decir la discusi\u00f3n respecto a la industria salmonera; ante lo cual dirigentes mostraron su disconformidad, argumentando que es un problema al que se debe hacer frente participativamente, sobre todo por el da\u00f1o que produce la salmonicultura al sector pesquero artesanal, afectando caladeros y contaminando con los desechos que dejan en el mar.<\/p>\n\n\n\n<p>Los dirigentes hicieron hincapi\u00e9 en las irregularidades que est\u00e1n sucediendo en el sur relacionado a la veda de la merluza austral y la pesca con redes autorizadas por la autoridad en esos periodos, haciendo alusi\u00f3n al sentido que debiera tener una nueva discusi\u00f3n a la ley respecto a estos temas, la cual debiera ser consecuente con la protecci\u00f3n y sustentabilidad de los recursos.<\/p>\n\n\n\n<p>En la reuni\u00f3n se sac\u00f3 a colaci\u00f3n, entre otras materias, que la Ley bent\u00f3nica lleva 10 a\u00f1os esperando en el Congreso Nacional, que las organizaciones de segundo grado necesitan del apoyo del INDESPA para seguir contribuyendo a aportar con propuestas en la agenda legislativa que se viene y la necesidad de que el gobierno muestre la misma voluntad pol\u00edtica que tiene para impulsar una nueva Ley de Pesca&nbsp; y comenzar a hablar de la creaci\u00f3n de un Ministerio del Mar.<\/p>\n\n\n\n<p>Por su parte, dirigentes de la macrozona norte manifestaron su preocupaci\u00f3n por los efectos de la miner\u00eda en el medio ambiente marino, la instalaci\u00f3n de desaladoras y los efectos de la migraci\u00f3n sobre los recursos bent\u00f3nicos.&nbsp;<\/p>\n\n\n\n<p>En este contexto, el titular de la cartera de Econom\u00eda respondi\u00f3 una a una las dudas se\u00f1aladas, refiri\u00e9ndose positivamente al aporte hist\u00f3rico que ha realizado la CONAPACH en materia de propuestas y llamando a la tranquilidad respecto al cuidado que se tendr\u00e1 a la hora de no afectar los avances en la ley en t\u00e9rminos de sustentabilidad de los recursos y de la protecci\u00f3n de todos quienes trabajan en el mar hoy en d\u00eda.<\/p>\n","protected":false},"excerpt":{"rendered":"<p>Examinar y deliberar sobre el actual escenario pol\u00edtico derivado de la tramitaci\u00f3n con suma urgencia que el gobierno ha dado a la nulidad de la Ley de Pesca, fue el objetivo de la Reuni\u00f3n Nacional que se realiz\u00f3 este martes 23 y mi\u00e9rcoles 24 de agosto en la casa del pescador de la CONAPACH, donde&#8230;<a class=\"btnReadMore\" href=\"https:\/\/www.semanariolocal.cl\/?p=7810\"> Leer M\u00e1s<\/a><\/p>\n","protected":false},"author":1,"featured_media":7811,"comment_status":"closed","ping_status":"closed","sticky":false,"template":"","format":"standard","meta":{"footnotes":""},"categories":[3],"tags":[],"class_list":["post-7810","post","type-post","status-publish","format-standard","has-post-thumbnail","hentry","category-al-dia"],"_links":{"self":[{"href":"https:\/\/www.semanariolocal.cl\/index.php?rest_route=\/wp\/v2\/posts\/7810","targetHints":{"allow":["GET"]}}],"collection":[{"href":"https:\/\/www.semanariolocal.cl\/index.php?rest_route=\/wp\/v2\/posts"}],"about":[{"href":"https:\/\/www.semanariolocal.cl\/index.php?rest_route=\/wp\/v2\/types\/post"}],"author":[{"embeddable":true,"href":"https:\/\/www.semanariolocal.cl\/index.php?rest_route=\/wp\/v2\/users\/1"}],"replies":[{"embeddable":true,"href":"https:\/\/www.semanariolocal.cl\/index.php?rest_route=%2Fwp%2Fv2%2Fcomments&post=7810"}],"version-history":[{"count":1,"href":"https:\/\/www.semanariolocal.cl\/index.php?rest_route=\/wp\/v2\/posts\/7810\/revisions"}],"predecessor-version":[{"id":7812,"href":"https:\/\/www.semanariolocal.cl\/index.php?rest_route=\/wp\/v2\/posts\/7810\/revisions\/7812"}],"wp:featuredmedia":[{"embeddable":true,"href":"https:\/\/www.semanariolocal.cl\/index.php?rest_route=\/wp\/v2\/media\/7811"}],"wp:attachment":[{"href":"https:\/\/www.semanariolocal.cl\/index.php?rest_route=%2Fwp%2Fv2%2Fmedia&parent=7810"}],"wp:term":[{"taxonomy":"category","embeddable":true,"href":"https:\/\/www.semanariolocal.cl\/index.php?rest_route=%2Fwp%2Fv2%2Fcategories&post=7810"},{"taxonomy":"post_tag","embeddable":true,"href":"https:\/\/www.semanariolocal.cl\/index.php?rest_route=%2Fwp%2Fv2%2Ftags&post=7810"}],"curies":[{"name":"wp","href":"https:\/\/api.w.org\/{rel}","templated":true}]}}