{"id":7806,"date":"2022-08-26T07:55:00","date_gmt":"2022-08-26T11:55:00","guid":{"rendered":"https:\/\/www.semanariolocal.cl\/?p=7806"},"modified":"2022-08-26T17:40:29","modified_gmt":"2022-08-26T21:40:29","slug":"profesores-de-religion-de-puerto-montt-participaron-en-curso-de-antropologia-cristiana","status":"publish","type":"post","link":"https:\/\/www.semanariolocal.cl\/?p=7806","title":{"rendered":"Profesores de Religi\u00f3n de Puerto Montt participaron en curso de Antropolog\u00eda Cristiana"},"content":{"rendered":"\n<p>El Centro para la Ense\u00f1anza de la Religi\u00f3n (CER) de la Universidad de los Andes junto a la Vicar\u00eda para la Educaci\u00f3n del Arzobispado de Puerto Montt realiz\u00f3 el segundo seminario de formaci\u00f3n para profesores en la ciudad de Puerto Varas.<\/p>\n\n\n\n<p>En la jornada en el Colegio Inmaculada Concepci\u00f3n de Puerto Varas bajo la tem\u00e1tica central \u201cCuestiones de Antropolog\u00eda Cristiana\u201d participaron profesores de religi\u00f3n de la Arquidi\u00f3cesis de Puerto Montt y equipos pastorales de Colegios Cat\u00f3licos.<\/p>\n\n\n\n<p>El encuentro se inici\u00f3 con una misa en el colegio para luego dar paso a la primera exposici\u00f3n \u201cLa Ley Natural\u201d a cargo del profesor Ismael Correa, Vicedecano Acad\u00e9mico y profesor de la Facultad de Medicina y del Centro de Estudios Generales de la Universidad de Los Andes.<\/p>\n\n\n\n<p>Posteriormente se realiz\u00f3 la segunda exposici\u00f3n \u201cLa libertad\u201d a cargo de la profesora Isabel Lemaitre, Licenciada y Mag\u00edster en Filosof\u00eda y Acad\u00e9mica de la Universidad de Los Andes. La Tercera Exposici\u00f3n: \u201cConciencia y pecado\u201d estuvo a cargo del profesor Gonzalo Letelier, Doctor en Derecho, Universidad de Padua, Italia; Licenciado en Humanidades, menci\u00f3n en<\/p>\n\n\n\n<p>Filosof\u00eda y Licenciado en Educaci\u00f3n, Universidad Adolfo Ib\u00e1\u00f1ez.<\/p>\n\n\n\n<p>Tambi\u00e9n se expuso sobre la tem\u00e1tica: \u201cCon los pies en la tierra y el coraz\u00f3n en el cielo.<\/p>\n\n\n\n<p>Estrategias pedag\u00f3gicas para construir aprendizajes significativos\u201d, a cargo de la profesora Catalina Tapia, Profesora de Pedagog\u00eda B\u00e1sica, Universidad Gabriela Mistral, Profesora de Pedagog\u00eda Media en Religi\u00f3n, Universidad de Los Andes. Jefa del Departamento de Religi\u00f3n, Colegio Huel\u00e9n, para finalizar con preguntas de los asistentes.<\/p>\n","protected":false},"excerpt":{"rendered":"<p>El Centro para la Ense\u00f1anza de la Religi\u00f3n (CER) de la Universidad de los Andes junto a la Vicar\u00eda para la Educaci\u00f3n del Arzobispado de Puerto Montt realiz\u00f3 el segundo seminario de formaci\u00f3n para profesores en la ciudad de Puerto Varas. En la jornada en el Colegio Inmaculada Concepci\u00f3n de Puerto Varas bajo la tem\u00e1tica&#8230;<a class=\"btnReadMore\" href=\"https:\/\/www.semanariolocal.cl\/?p=7806\"> Leer M\u00e1s<\/a><\/p>\n","protected":false},"author":1,"featured_media":7808,"comment_status":"closed","ping_status":"closed","sticky":false,"template":"","format":"standard","meta":{"footnotes":""},"categories":[3],"tags":[],"class_list":["post-7806","post","type-post","status-publish","format-standard","has-post-thumbnail","hentry","category-al-dia"],"_links":{"self":[{"href":"https:\/\/www.semanariolocal.cl\/index.php?rest_route=\/wp\/v2\/posts\/7806","targetHints":{"allow":["GET"]}}],"collection":[{"href":"https:\/\/www.semanariolocal.cl\/index.php?rest_route=\/wp\/v2\/posts"}],"about":[{"href":"https:\/\/www.semanariolocal.cl\/index.php?rest_route=\/wp\/v2\/types\/post"}],"author":[{"embeddable":true,"href":"https:\/\/www.semanariolocal.cl\/index.php?rest_route=\/wp\/v2\/users\/1"}],"replies":[{"embeddable":true,"href":"https:\/\/www.semanariolocal.cl\/index.php?rest_route=%2Fwp%2Fv2%2Fcomments&post=7806"}],"version-history":[{"count":1,"href":"https:\/\/www.semanariolocal.cl\/index.php?rest_route=\/wp\/v2\/posts\/7806\/revisions"}],"predecessor-version":[{"id":7809,"href":"https:\/\/www.semanariolocal.cl\/index.php?rest_route=\/wp\/v2\/posts\/7806\/revisions\/7809"}],"wp:featuredmedia":[{"embeddable":true,"href":"https:\/\/www.semanariolocal.cl\/index.php?rest_route=\/wp\/v2\/media\/7808"}],"wp:attachment":[{"href":"https:\/\/www.semanariolocal.cl\/index.php?rest_route=%2Fwp%2Fv2%2Fmedia&parent=7806"}],"wp:term":[{"taxonomy":"category","embeddable":true,"href":"https:\/\/www.semanariolocal.cl\/index.php?rest_route=%2Fwp%2Fv2%2Fcategories&post=7806"},{"taxonomy":"post_tag","embeddable":true,"href":"https:\/\/www.semanariolocal.cl\/index.php?rest_route=%2Fwp%2Fv2%2Ftags&post=7806"}],"curies":[{"name":"wp","href":"https:\/\/api.w.org\/{rel}","templated":true}]}}