{"id":7803,"date":"2022-08-26T08:05:00","date_gmt":"2022-08-26T12:05:00","guid":{"rendered":"https:\/\/www.semanariolocal.cl\/?p=7803"},"modified":"2022-08-26T17:36:17","modified_gmt":"2022-08-26T21:36:17","slug":"sub-prevencion-del-delito-necesitamos-generar-un-minimo-comun-preventivo","status":"publish","type":"post","link":"https:\/\/www.semanariolocal.cl\/?p=7803","title":{"rendered":"Sub. Prevenci\u00f3n del Delito : \u201cNecesitamos generar un m\u00ednimo com\u00fan preventivo\u201d"},"content":{"rendered":"\n<p>Continuando su gira por la Regi\u00f3n de Los Lagos, la ma\u00f1ana de este viernes el Subsecretario de Prevenci\u00f3n del Delito, Eduardo Vergara, se traslad\u00f3 hasta la comuna de Castro, en la Isla de Chilo\u00e9, para reunirse con dirigentes vecinales y con el alcalde Juan Vera.<\/p>\n\n\n\n<p>El Subsecretario Vergara se\u00f1al\u00f3 que su visita se enmarca en el mandato del Presidente Gabriel Boric de llevar seguridad a todos las comunas del pa\u00eds, sin importar su tama\u00f1o. Asimismo, enfatiz\u00f3 las medidas que ha llevado adelante el gobierno para ir en apoyo de los municipios, entre ellas el fin de la concursabilidad en el acceso a los recursos para la prevenci\u00f3n. \u201cNunca m\u00e1s un municipio va a concursar con otro por los recursos. Nos importa mucho que en Chile tengamos un m\u00ednimo com\u00fan preventivo, que podamos decir que todas las comunas de Chile avanzan, y subir el nivel hacia arriba\u201d, subray\u00f3.<\/p>\n\n\n\n<p>La autoridad explic\u00f3 tambi\u00e9n que, a partir de ahora, la asignaci\u00f3n de recursos ser\u00e1 en base a la necesidad de cada comuna y tomando en cuenta una serie de par\u00e1metros, entre ellos el de la poblaci\u00f3n flotante.<\/p>\n\n\n\n<p>Por su parte, el alcalde de Castro, Juan Vera, agradeci\u00f3 la visita del subsecretario y destac\u00f3 que es indispensable fomentar la coordinaci\u00f3n entre todas las instituciones para hacer frente al delito. \u201cEl tema de la delincuencia es un tema que tenemos que enfrentar entre todos, con responsabilidad -con mucha responsabilidad-, sin crear tambi\u00e9n falsa sensaci\u00f3n de alarma, que es uno de los temas que a nosotros nos preocupa. Hay que bajarle las revoluciones a lo que tanto se comenta\u201d, dijo.<\/p>\n\n\n\n<p>En esta l\u00ednea, el subsecretario Vergara coincidi\u00f3 con el alcalde Vera en que las cifras muestran que Castro no est\u00e1 experimentando cambios significativos en su realidad delictual. Sin embargo, aclar\u00f3 que esto no significa que no se deban tomar medidas para seguir fortaleciendo la prevenci\u00f3n, y dotando tanto a los municipios como a las polic\u00edas de m\u00e1s herramientas para hacer frente al delito.<\/p>\n\n\n\n<p>Finalmente, inform\u00f3 que ya fue validado un Plan Regional de Seguridad P\u00fablica para Los Lagos, en el que se priorizaron tres tem\u00e1ticas: violencia intrafamiliar, robo en lugar no habitado e infracciones a la Ley de Drogas.<\/p>\n","protected":false},"excerpt":{"rendered":"<p>En su reuni\u00f3n con el alcalde Juan Vera, la autoridad destac\u00f3 adem\u00e1s que ya fue validado un Plan Regional de Seguridad P\u00fablica para la Regi\u00f3n de Los Lagos.<\/p>\n","protected":false},"author":1,"featured_media":7804,"comment_status":"closed","ping_status":"closed","sticky":false,"template":"","format":"standard","meta":{"footnotes":""},"categories":[8],"tags":[],"class_list":["post-7803","post","type-post","status-publish","format-standard","has-post-thumbnail","hentry","category-comunas"],"_links":{"self":[{"href":"https:\/\/www.semanariolocal.cl\/index.php?rest_route=\/wp\/v2\/posts\/7803","targetHints":{"allow":["GET"]}}],"collection":[{"href":"https:\/\/www.semanariolocal.cl\/index.php?rest_route=\/wp\/v2\/posts"}],"about":[{"href":"https:\/\/www.semanariolocal.cl\/index.php?rest_route=\/wp\/v2\/types\/post"}],"author":[{"embeddable":true,"href":"https:\/\/www.semanariolocal.cl\/index.php?rest_route=\/wp\/v2\/users\/1"}],"replies":[{"embeddable":true,"href":"https:\/\/www.semanariolocal.cl\/index.php?rest_route=%2Fwp%2Fv2%2Fcomments&post=7803"}],"version-history":[{"count":1,"href":"https:\/\/www.semanariolocal.cl\/index.php?rest_route=\/wp\/v2\/posts\/7803\/revisions"}],"predecessor-version":[{"id":7805,"href":"https:\/\/www.semanariolocal.cl\/index.php?rest_route=\/wp\/v2\/posts\/7803\/revisions\/7805"}],"wp:featuredmedia":[{"embeddable":true,"href":"https:\/\/www.semanariolocal.cl\/index.php?rest_route=\/wp\/v2\/media\/7804"}],"wp:attachment":[{"href":"https:\/\/www.semanariolocal.cl\/index.php?rest_route=%2Fwp%2Fv2%2Fmedia&parent=7803"}],"wp:term":[{"taxonomy":"category","embeddable":true,"href":"https:\/\/www.semanariolocal.cl\/index.php?rest_route=%2Fwp%2Fv2%2Fcategories&post=7803"},{"taxonomy":"post_tag","embeddable":true,"href":"https:\/\/www.semanariolocal.cl\/index.php?rest_route=%2Fwp%2Fv2%2Ftags&post=7803"}],"curies":[{"name":"wp","href":"https:\/\/api.w.org\/{rel}","templated":true}]}}