{"id":7800,"date":"2022-08-26T08:00:00","date_gmt":"2022-08-26T12:00:00","guid":{"rendered":"https:\/\/www.semanariolocal.cl\/?p=7800"},"modified":"2022-08-26T17:30:06","modified_gmt":"2022-08-26T21:30:06","slug":"estudiantes-de-taller-integrado-de-puc-visitaron-municipalidad-de-puerto-octay","status":"publish","type":"post","link":"https:\/\/www.semanariolocal.cl\/?p=7800","title":{"rendered":"Estudiantes de Taller Integrado de PUC visitaron Municipalidad de Puerto Octay"},"content":{"rendered":"\n<p>Una visita en terreno a diversas dependencias de la Municipalidad de Puerto Octay, realizaron 17 alumnos y 4 profesores de la Pontificia Universidad Cat\u00f3lica, de la carrera de Planificaci\u00f3n Urbana, y de los mag\u00edsteres en Desarrollo Urbano, y en Asentamientos Humanos y Medio Ambiente, la que se enmarca dentro del curso de Taller Integrado.<\/p>\n\n\n\n<p>En el recorrido que fue guiado por los profesionales de Secplan, el Director del Observatorio de Ciudades de la Universidad Cat\u00f3lica, Ricardo Truffello, se refiri\u00f3 a las tem\u00e1ticas que est\u00e1n abordando. \u201cEstamos haciendo un curso de Taller Integrado en la Cuenca del Lago Llanquihue, donde vemos los temas de problem\u00e1ticas asociados a la planificaci\u00f3n, y lo que pasa en el \u00e1rea urbana y &nbsp;rural, sobre todo lo ligado a las parcelaciones de agrado\u201d, se\u00f1al\u00f3.<\/p>\n\n\n\n<p>Por su parte, Truffello agradeci\u00f3 la buena disposici\u00f3n de la Municipalidad de Puerto Octay, ya que en su visita conocieron el trabajo de Secplan, Educaci\u00f3n, Salud, y adem\u00e1s recorrieron la Planta de Tratamiento, y el Hotel Centinela. \u201cNos interesaba mucho poder contar con la experiencia que tienen los distintos municipios, un poco para transmitir eso a los alumnos, y que puedan generar ciertos planes y proyectos para el mejoramiento de temas de planificaci\u00f3n urbana\u201d, destac\u00f3.<\/p>\n\n\n\n<p>Asimismo, el Docente de la UC se refiri\u00f3 a las proyecciones que existen en el taller se\u00f1alando que \u201cla idea tambi\u00e9n que despu\u00e9s el curso pueda tener una interacci\u00f3n con el municipio cuando termine el semestre, y hacer una devoluci\u00f3n tanto de la informaci\u00f3n levantada como de los planes que se genere\u201d.<\/p>\n","protected":false},"excerpt":{"rendered":"<p>\u2022\tEl recorrido lo realizaron 17 alumnos y 4 profesores de la carrera de Planificaci\u00f3n Urbana, y de los mag\u00edsteres en Desarrollo Urbano, y en Asentamientos Humanos y Medio Ambiente. <\/p>\n","protected":false},"author":1,"featured_media":7801,"comment_status":"closed","ping_status":"closed","sticky":false,"template":"","format":"standard","meta":{"footnotes":""},"categories":[3,11],"tags":[],"class_list":["post-7800","post","type-post","status-publish","format-standard","has-post-thumbnail","hentry","category-al-dia","category-educacion"],"_links":{"self":[{"href":"https:\/\/www.semanariolocal.cl\/index.php?rest_route=\/wp\/v2\/posts\/7800","targetHints":{"allow":["GET"]}}],"collection":[{"href":"https:\/\/www.semanariolocal.cl\/index.php?rest_route=\/wp\/v2\/posts"}],"about":[{"href":"https:\/\/www.semanariolocal.cl\/index.php?rest_route=\/wp\/v2\/types\/post"}],"author":[{"embeddable":true,"href":"https:\/\/www.semanariolocal.cl\/index.php?rest_route=\/wp\/v2\/users\/1"}],"replies":[{"embeddable":true,"href":"https:\/\/www.semanariolocal.cl\/index.php?rest_route=%2Fwp%2Fv2%2Fcomments&post=7800"}],"version-history":[{"count":1,"href":"https:\/\/www.semanariolocal.cl\/index.php?rest_route=\/wp\/v2\/posts\/7800\/revisions"}],"predecessor-version":[{"id":7802,"href":"https:\/\/www.semanariolocal.cl\/index.php?rest_route=\/wp\/v2\/posts\/7800\/revisions\/7802"}],"wp:featuredmedia":[{"embeddable":true,"href":"https:\/\/www.semanariolocal.cl\/index.php?rest_route=\/wp\/v2\/media\/7801"}],"wp:attachment":[{"href":"https:\/\/www.semanariolocal.cl\/index.php?rest_route=%2Fwp%2Fv2%2Fmedia&parent=7800"}],"wp:term":[{"taxonomy":"category","embeddable":true,"href":"https:\/\/www.semanariolocal.cl\/index.php?rest_route=%2Fwp%2Fv2%2Fcategories&post=7800"},{"taxonomy":"post_tag","embeddable":true,"href":"https:\/\/www.semanariolocal.cl\/index.php?rest_route=%2Fwp%2Fv2%2Ftags&post=7800"}],"curies":[{"name":"wp","href":"https:\/\/api.w.org\/{rel}","templated":true}]}}