{"id":7793,"date":"2022-08-26T11:18:44","date_gmt":"2022-08-26T15:18:44","guid":{"rendered":"https:\/\/www.semanariolocal.cl\/?p=7793"},"modified":"2022-08-26T11:18:47","modified_gmt":"2022-08-26T15:18:47","slug":"diputados-udi-presentan-denuncia-por-encubrimiento-en-contra-de-ex-ministra-vega","status":"publish","type":"post","link":"https:\/\/www.semanariolocal.cl\/?p=7793","title":{"rendered":"Diputados UDI presentan denuncia por \u201cencubrimiento\u201d en contra de ex ministra Vega"},"content":{"rendered":"\n<p>Los diputados de la Bancada UDI, Juan Antonio Coloma, Cristi\u00e1n Labb\u00e9, Flor Weisse, Henry Leal y Cristhian Moreira, presentaron este jueves una denuncia en contra de la ex ministra de Desarrollo Social, Jeanette Vega, por su eventual participaci\u00f3n como encubridora en los delitos de robo de madera, usurpaci\u00f3n y atentado a la autoridad que se le imputan al l\u00edder de la Coordinadora Arauco-Malleco (CAM), H\u00e9ctor Llaitul.<\/p>\n\n\n\n<p>Al respecto, los parlamentarios explicaron que la acci\u00f3n judicial responde al intento de llamado que realiz\u00f3 la ex secretaria de Estado al representante de la CAM -lo que termin\u00f3 costando su salida del cargo- y la eventual relaci\u00f3n que integrantes del Gobierno puedan tener con los grupos terroristas que operan en la Macrozona Sur, por lo que tambi\u00e9n solicitaron que la Fiscal\u00eda cite a declarar a los cinco ministros del comit\u00e9 pol\u00edtico: Izkia Siches (Interior), Giorgio Jackson (Segpres), Camila Vallejo (Segegob), Antonia Orellana (Mujer y Equidad de G\u00e9nero) y Mario Marcel (Hacienda).<\/p>\n\n\n\n<p>\u201cEn el evento de que la llamada telef\u00f3nica se hubiese concretado, tal como fue la intenci\u00f3n de la ex ministra Vega, y que dicho contenido hubiese sido el rol p\u00fablico adquirido por el se\u00f1or Llaitul, en virtud del cual se han cometido los delitos por los cuales se le acusa, es del todo razonable sostener que la ex ministra efectivamente estar\u00eda dentro de la conducta se\u00f1alada por el C\u00f3digo Penal como encubridora de esos delitos, en atenci\u00f3n a las fechas del contacto y del posible contenido de esa llamada\u201d, se\u00f1ala la denuncia ingresada por los diputados UDI.<\/p>\n\n\n\n<p>En ella, adem\u00e1s, agregaron que la decisi\u00f3n de citar a los cinco ministros del comit\u00e9 pol\u00edtico se justifica con el objetivo de \u201cdescartar otro tipo de comunicaci\u00f3n con el se\u00f1or Llaitul por parte del Gobierno de Chile y de las autoridades mencionadas, que podr\u00edan caber dentro de la misma hip\u00f3tesis de encubrimiento alegado en contra de la ex ministra Vega\u201d.<\/p>\n\n\n\n<p>En esa l\u00ednea, uno de los impulsores de la denuncia, el diputado Juan Antonio Coloma, se\u00f1al\u00f3 que la renuncia de la ex titular de Desarrollo Social \u201ces insuficiente\u201d, agregando que \u201cresulta indispensable saber qu\u00e9 pas\u00f3 despu\u00e9s de ese primer contacto por tel\u00e9fono, si hubo alguna otra conversaci\u00f3n con H\u00e9ctor Llaitul o si incluso se reunieron con \u00e9l en la Macrozona Sur\u201d, como tambi\u00e9n \u201cconocer si la ex ministra actu\u00f3 de manera individual o si el Presidente Boric y parte de su comit\u00e9 pol\u00edtico estaban al tanto de los intentos de conversar con el l\u00edder de la CAM\u201d.<\/p>\n\n\n\n<p>Por su parte, el diputado Cristi\u00e1n Labb\u00e9 acot\u00f3 que \u201ccuando este Gobierno, a trav\u00e9s de toda su historia, ha tenido un discurso condescendiente con el terrorismo y la violencia como forma de acci\u00f3n pol\u00edtica, es de toda l\u00f3gica que hayan querido negociar de forma encubierta con H\u00e9ctor Llaitul\u201d, reiterando que \u201ces urgente que el Ministerio P\u00fablico ordene distintas diligencias enfocadas a los ministros que integran el comit\u00e9 pol\u00edtico, para as\u00ed determinar si detr\u00e1s de esta operaci\u00f3n pol\u00edtica estuvo o no el Presidente Boric y su equipo m\u00e1s cercano\u201d.<\/p>\n","protected":false},"excerpt":{"rendered":"<p>Un grupo de parlamentarios gremialistas, entre ellos Juan Antonio Coloma y Cristi\u00e1n Labb\u00e9, solicitaron a la Fiscal\u00eda indagar la eventual participaci\u00f3n que pudo tener la ex secretaria de Estado en los delitos que se le imputaron a H\u00e9ctor Llaitul. <\/p>\n","protected":false},"author":1,"featured_media":7794,"comment_status":"closed","ping_status":"closed","sticky":false,"template":"","format":"standard","meta":{"footnotes":""},"categories":[6],"tags":[],"class_list":["post-7793","post","type-post","status-publish","format-standard","has-post-thumbnail","hentry","category-politica"],"_links":{"self":[{"href":"https:\/\/www.semanariolocal.cl\/index.php?rest_route=\/wp\/v2\/posts\/7793","targetHints":{"allow":["GET"]}}],"collection":[{"href":"https:\/\/www.semanariolocal.cl\/index.php?rest_route=\/wp\/v2\/posts"}],"about":[{"href":"https:\/\/www.semanariolocal.cl\/index.php?rest_route=\/wp\/v2\/types\/post"}],"author":[{"embeddable":true,"href":"https:\/\/www.semanariolocal.cl\/index.php?rest_route=\/wp\/v2\/users\/1"}],"replies":[{"embeddable":true,"href":"https:\/\/www.semanariolocal.cl\/index.php?rest_route=%2Fwp%2Fv2%2Fcomments&post=7793"}],"version-history":[{"count":1,"href":"https:\/\/www.semanariolocal.cl\/index.php?rest_route=\/wp\/v2\/posts\/7793\/revisions"}],"predecessor-version":[{"id":7795,"href":"https:\/\/www.semanariolocal.cl\/index.php?rest_route=\/wp\/v2\/posts\/7793\/revisions\/7795"}],"wp:featuredmedia":[{"embeddable":true,"href":"https:\/\/www.semanariolocal.cl\/index.php?rest_route=\/wp\/v2\/media\/7794"}],"wp:attachment":[{"href":"https:\/\/www.semanariolocal.cl\/index.php?rest_route=%2Fwp%2Fv2%2Fmedia&parent=7793"}],"wp:term":[{"taxonomy":"category","embeddable":true,"href":"https:\/\/www.semanariolocal.cl\/index.php?rest_route=%2Fwp%2Fv2%2Fcategories&post=7793"},{"taxonomy":"post_tag","embeddable":true,"href":"https:\/\/www.semanariolocal.cl\/index.php?rest_route=%2Fwp%2Fv2%2Ftags&post=7793"}],"curies":[{"name":"wp","href":"https:\/\/api.w.org\/{rel}","templated":true}]}}