{"id":7775,"date":"2022-08-24T23:37:32","date_gmt":"2022-08-25T03:37:32","guid":{"rendered":"https:\/\/www.semanariolocal.cl\/?p=7775"},"modified":"2022-08-24T23:37:33","modified_gmt":"2022-08-25T03:37:33","slug":"ensamble-de-academia-de-arte-protagonizara-concierto-aniversario-ulagos-este-sabado","status":"publish","type":"post","link":"https:\/\/www.semanariolocal.cl\/?p=7775","title":{"rendered":"Ensamble de Academia de Arte protagonizar\u00e1 concierto aniversario ULagos este s\u00e1bado"},"content":{"rendered":"\n<p>Como es tradici\u00f3n, la Universidad de Los Lagos ofrecer\u00e1 un espect\u00e1culo art\u00edstico abierto a toda la comunidad para conmemorar sus 29 a\u00f1os de vida, y lo har\u00e1 con un concierto del Ensamble de la Academia de Arte y Cultura, este s\u00e1bado 27 de agosto a las 17 horas en el Teatro Municipal de Osorno.<\/p>\n\n\n\n<p>La instituci\u00f3n de estudios superiores fundada en 1993, viene desarrollando una serie de actividades acad\u00e9micas y art\u00edsticas en todo el territorio regional durante el mes de agosto, con presentaciones en Castro, Puerto Varas y Purranque, las que culminar\u00e1n este s\u00e1bado 27 con el concierto a cargo del Ensamble de la Academia de Arte y Cultura.<\/p>\n\n\n\n<p>Compuesto por ocho m\u00fasicos profesionales provenientes de distintas comunas de la Regi\u00f3n, el Ensamble cuenta en sus dos a\u00f1os de vida con destacadas presentaciones en el Teatro del Lago de Frutillar, las sedes Santiago y Chilo\u00e9 de la Universidad de Los Lagos e incluso en el extranjero, present\u00e1ndose en Santa Cruz de la Sierra Bolivia, destacando como uno de los principales elencos musicales del sur de Chile.<\/p>\n\n\n\n<p>Desde su formaci\u00f3n en plena pandemia de Covid-19, el Ensamble estableci\u00f3 como uno de sus objetivos relevar las obras compuestas por autores regionales, destacando arreglos e interpretaciones de Jaime Barr\u00eda (Bordemar), Marcelo Hermosilla y Freddy Ch\u00e1vez, lo que ha dotado al sonido del Ensamble de una impronta con identidad chilena, tanto del sur, como del norte y del centro del pa\u00eds.<\/p>\n\n\n\n<p>El Ensamble de la Academia de Arte es dirigido por Carlos Guzm\u00e1n, destacado saxofonista con 30 a\u00f1os de carrera musical, arreglador musical de la Big Band de la Fuerza A\u00e9rea de Chile. Est\u00e1 integrado adem\u00e1s por Rodrigo D\u00edaz, quien fuera primer viol\u00edn del Ensamble Residente del Teatro del Lago; Jos\u00e9 Luis Reyes, trompetista y ex director de la Banda Instrumental del Regimiento Arauco; Daniela Darat, int\u00e9rprete en viola, artista educadora y cofundadora de la academia Cuerdas Frotadas Osorno; Patricio Cano, destacado percusionista regional y profesor de Educaci\u00f3n Media en Artes Menci\u00f3n M\u00fasica, titulado de la Universidad de Los Lagos. El grupo adem\u00e1s lo componen C\u00e9sar Oyarz\u00fan, guitarrista cl\u00e1sico del Conservatorio de M\u00fasica de la Universidad Austral de Chile; Maruicio Trunci violonchelista y docente desde hace 15 a\u00f1os y Maximiliano Ossand\u00f3n, pianista profesional y director de coros en Santiago y el sur de Chile.<\/p>\n\n\n\n<p>Para esta ocasi\u00f3n especial el Ensamble de la Academia de Artes estrenar\u00e1 obras en su repertorio, cedidas por los autores Jaime Barr\u00eda, Marcelo Hermosilla y Freddy Ch\u00e1vez, as\u00ed como tambi\u00e9n reconocidas piezas de la m\u00fasica popular de ra\u00edz folcl\u00f3rica latinoamericana, as\u00ed como algunas sorpresas especialmente preparadas para el p\u00fablico local.<\/p>\n\n\n\n<p>La entrada al Teatro Municipal, ubicado en Juan Mackenna 851, es gratuita. El ingreso es por el costado de la Municipalidad de Osorno y se exigir\u00e1 pase de movilidad.<\/p>\n","protected":false},"excerpt":{"rendered":"<p>El elenco dirigido por Carlos Guzm\u00e1n, presentar\u00e1 su nuevo repertorio y lo m\u00e1s destacado de sus dos a\u00f1os de existencia como agrupaci\u00f3n este s\u00e1bado 27 de agosto en el Teatro Municipal de Osorno a las 17:00 horas.<\/p>\n","protected":false},"author":1,"featured_media":7776,"comment_status":"closed","ping_status":"closed","sticky":false,"template":"","format":"standard","meta":{"footnotes":""},"categories":[10],"tags":[],"class_list":["post-7775","post","type-post","status-publish","format-standard","has-post-thumbnail","hentry","category-cultura"],"_links":{"self":[{"href":"https:\/\/www.semanariolocal.cl\/index.php?rest_route=\/wp\/v2\/posts\/7775","targetHints":{"allow":["GET"]}}],"collection":[{"href":"https:\/\/www.semanariolocal.cl\/index.php?rest_route=\/wp\/v2\/posts"}],"about":[{"href":"https:\/\/www.semanariolocal.cl\/index.php?rest_route=\/wp\/v2\/types\/post"}],"author":[{"embeddable":true,"href":"https:\/\/www.semanariolocal.cl\/index.php?rest_route=\/wp\/v2\/users\/1"}],"replies":[{"embeddable":true,"href":"https:\/\/www.semanariolocal.cl\/index.php?rest_route=%2Fwp%2Fv2%2Fcomments&post=7775"}],"version-history":[{"count":1,"href":"https:\/\/www.semanariolocal.cl\/index.php?rest_route=\/wp\/v2\/posts\/7775\/revisions"}],"predecessor-version":[{"id":7777,"href":"https:\/\/www.semanariolocal.cl\/index.php?rest_route=\/wp\/v2\/posts\/7775\/revisions\/7777"}],"wp:featuredmedia":[{"embeddable":true,"href":"https:\/\/www.semanariolocal.cl\/index.php?rest_route=\/wp\/v2\/media\/7776"}],"wp:attachment":[{"href":"https:\/\/www.semanariolocal.cl\/index.php?rest_route=%2Fwp%2Fv2%2Fmedia&parent=7775"}],"wp:term":[{"taxonomy":"category","embeddable":true,"href":"https:\/\/www.semanariolocal.cl\/index.php?rest_route=%2Fwp%2Fv2%2Fcategories&post=7775"},{"taxonomy":"post_tag","embeddable":true,"href":"https:\/\/www.semanariolocal.cl\/index.php?rest_route=%2Fwp%2Fv2%2Ftags&post=7775"}],"curies":[{"name":"wp","href":"https:\/\/api.w.org\/{rel}","templated":true}]}}