{"id":7765,"date":"2022-08-24T12:15:18","date_gmt":"2022-08-24T16:15:18","guid":{"rendered":"https:\/\/www.semanariolocal.cl\/?p=7765"},"modified":"2022-08-24T12:15:19","modified_gmt":"2022-08-24T16:15:19","slug":"gobierno-presento-indicaciones-y-dio-suma-urgencia-a-proyecto-de-40-horas","status":"publish","type":"post","link":"https:\/\/www.semanariolocal.cl\/?p=7765","title":{"rendered":"Gobierno present\u00f3 indicaciones y dio suma urgencia a proyecto de 40 horas"},"content":{"rendered":"\n<p>El Presidente de la Rep\u00fablica, Gabriel Boric, junto a las ministras del Trabajo, Jeannette Jara, y vocera de Gobierno, Camila Vallejo, &nbsp;anunciaron el ingreso de indicaciones al proyecto que reduce la jornada laboral de 45 a 40 horas semanales.<\/p>\n\n\n\n<p>El Mandatario record\u00f3 que este tipo de proyectos en ocasiones generan reticencia, aludiendo a la historia reciente: \u201cCuando el Presidente Lagos, hace cerca de 15 a\u00f1os, rebaj\u00f3 la jornada de 48 a 45 horas tambi\u00e9n hubo voces que se opusieron y pronosticaron males importantes para la econom\u00eda\u201d. Agreg\u00f3 que \u201choy d\u00eda pasa algo parecido. Sin embargo, se ha ido generando una transversalidad que me parece tremendamente destacable\u201d.<\/p>\n\n\n\n<p>El Presidente a\u00f1adi\u00f3 que \u201cpor eso es valorable la composici\u00f3n de quienes est\u00e1n hoy d\u00eda ac\u00e1 presentes: el Gobierno, el Parlamento con los presidentes y presidentas de las Comisiones de Trabajo de ambas C\u00e1maras, de Gobierno y de Oposici\u00f3n, Pymes que han decidido avanzar por su cuenta antes de la ley, trabajadores y trabajadoras, organizaciones, centrales sindicales, los representantes de las grandes empresas tambi\u00e9n que muchos de ellos tambi\u00e9n se han sumado previamente a esto\u201d.<\/p>\n\n\n\n<p>\u201cConf\u00edo plenamente en que los parlamentarios y parlamentarias van a tramitar este proyecto con la celeridad que merecen las familias chilenas. Este es un proyecto profamilia, es un proyecto que apunta al buen vivir y no me cabe ninguna duda que estas mejoras son medios indispensables para acercarnos a un nuevo Chile que sea m\u00e1s justo e inclusivo\u201d, finaliz\u00f3 el Jefe de Estado.<\/p>\n\n\n\n<p>Sobre el proyecto, el Seremi del Trabajo y Previsi\u00f3n Social, \u00c1ngel Cabrera, manifest\u00f3 que \u201cesta es una gran noticia para el mundo del trabajo. La reducci\u00f3n de la jornada laboral a 40 horas es una garant\u00eda para el despliegue de una vida m\u00e1s plena y constituye un anhelo muy preciado para las personas, sus familias y el conjunto del tejido social. Parte de las indicaciones que ingresamos a este proyecto buscan reducir la jornada laboral de 45 a 40 horas semanales sin distinci\u00f3n por tama\u00f1o de empresa y protegiendo el empleo. Por esto, la medida se implementar\u00e1 en un plazo de cinco a\u00f1os. Al primer a\u00f1o de entrada en vigencia de la ley, la jornada ser\u00e1 de 44 horas semanales; luego, al tercer a\u00f1o, bajar\u00e1 a 42 horas; y al quinto a\u00f1o, a 40 horas.\u201d.<\/p>\n\n\n\n<p>El proyecto al cual se le ingresaron indicaciones fue presentado al Congreso en 2017 por la diputada Karol Cariola y la ahora ministra vocera de Gobierno, Camila Vallejo. Si bien fue aprobado en la C\u00e1mara de Diputados, no ha registrado avance en el Senado.<\/p>\n\n\n\n<p>Las indicaciones ingresadas por el Ejecutivo tuvieron como insumos los aportes recogidos en las Mesas T\u00e9cnicas convocadas por el Ministerio del Trabajo y Previsi\u00f3n Social. Estas tuvieron 26 sesiones a lo largo de todo el pa\u00eds, en las que participaron 203 organizaciones de trabajadores, como la Central Unitaria de Trabajadores (CUT), de empleadores grandes y peque\u00f1os, como la Confederaci\u00f3n de la Producci\u00f3n y el Comercio (CPC), Convergencia Pymes, Conupia, Propyme y Conapyme, entre otras. Tambi\u00e9n, de universidades, t\u00e9cnicos y centros de investigaci\u00f3n.<\/p>\n\n\n\n<p><strong>Sobre las indicaciones<\/strong><\/p>\n\n\n\n<p>Las indicaciones, adem\u00e1s, profundizan de manera integral la propuesta original de reducci\u00f3n de la jornada ordinaria del art\u00edculo 22 del C\u00f3digo del Trabajo, considerando otras regulaciones contempladas en este.<\/p>\n\n\n\n<p>Se incorporan modificaciones a la regulaci\u00f3n sobre exclusi\u00f3n de la limitaci\u00f3n de jornada, jornada parcial y jornadas excepcionales. As\u00ed, la disminuci\u00f3n de jornada laboral extiende sus efectos directos a m\u00e1s de 4 millones de trabajadoras y trabajadores.<\/p>\n\n\n\n<p>Tambi\u00e9n hay indicaciones que apuntan a generar descanso efectivo y a medidas de corresponsabilidad. Sobre la primera, se orienta a casos espec\u00edficos donde no sea posible materializar una disminuci\u00f3n efectiva de horas de la jornada, se generar\u00e1n mecanismos de compensaci\u00f3n, como d\u00edas libres.<\/p>\n\n\n\n<p>En el caso del segundo punto, la reducci\u00f3n de horas de trabajo debe ir acompa\u00f1ada de medidas de corresponsabilidad social, que enfrenten la desigual repartici\u00f3n de las tareas de cuidados y del trabajo no remunerado, el que recae principalmente en las mujeres.<\/p>\n\n\n\n<p>Al respecto, la ministra del Trabajo y Previsi\u00f3n Social, Jeannette Jara destac\u00f3 que \u201cen el proyecto, adem\u00e1s de la reducci\u00f3n de la jornada laboral, incorporamos mecanismos muy concretos que permiten una conciliaci\u00f3n constructiva de intereses, que son diversos pero complementarios e impactan la esencia de nuestra vida. Estos mecanismos son: primero: el establecimiento de bandas horarias de ingreso y salida de las empresas, para otorgar un derecho a los padres y madres cuidadoras; segundo: la compensaci\u00f3n de trabajo extraordinario por d\u00edas de feriado adicional para atender aspectos de cuidado; y, tercero: a trav\u00e9s de la organizaci\u00f3n sindical, la compensaci\u00f3n de trabajo extraordinario por d\u00edas de libre disposici\u00f3n\u201d.<\/p>\n\n\n\n<p>Agreg\u00f3 que \u201cesto es fundamental: este dise\u00f1o nos va a permitir avanzar en mayor corresponsabilidad y en un enfoque social de los cuidados, lo que nos causa una profunda satisfacci\u00f3n, ya que empalma con uno de los grandes desaf\u00edos que enfrentamos, cu\u00e1l es constituirnos en un pa\u00eds donde prime una igualdad sustantiva entre hombres y mujeres\u201d.<\/p>\n\n\n\n<p>Finalmente, se incorporan los avances tecnol\u00f3gicos vigentes en la regulaci\u00f3n del registro de asistencia y control de jornada, adem\u00e1s de mecanismos que permitan adaptar las condiciones laborales a las necesidades personales y familiares de las y los trabajadores. Estos mecanismos apuntan, adem\u00e1s, a dar prioridad a las personas cuidadoras, otorg\u00e1ndoles mayor soberan\u00eda sobre sus tiempos de trabajo y cuidado.<\/p>\n","protected":false},"excerpt":{"rendered":"<p>El Presidente Gabriel Boric, junto a las ministras del Trabajo y Previsi\u00f3n Social, Jeannette Jara, y vocera de Gobierno, Camila Vallejo, anunciaron las indicaciones realizadas al proyecto de ley que modifica el C\u00f3digo del Trabajo para reducir la jornada laboral a 40 horas.<\/p>\n","protected":false},"author":1,"featured_media":7766,"comment_status":"closed","ping_status":"closed","sticky":false,"template":"","format":"standard","meta":{"footnotes":""},"categories":[3,9],"tags":[],"class_list":["post-7765","post","type-post","status-publish","format-standard","has-post-thumbnail","hentry","category-al-dia","category-gobierno"],"_links":{"self":[{"href":"https:\/\/www.semanariolocal.cl\/index.php?rest_route=\/wp\/v2\/posts\/7765","targetHints":{"allow":["GET"]}}],"collection":[{"href":"https:\/\/www.semanariolocal.cl\/index.php?rest_route=\/wp\/v2\/posts"}],"about":[{"href":"https:\/\/www.semanariolocal.cl\/index.php?rest_route=\/wp\/v2\/types\/post"}],"author":[{"embeddable":true,"href":"https:\/\/www.semanariolocal.cl\/index.php?rest_route=\/wp\/v2\/users\/1"}],"replies":[{"embeddable":true,"href":"https:\/\/www.semanariolocal.cl\/index.php?rest_route=%2Fwp%2Fv2%2Fcomments&post=7765"}],"version-history":[{"count":1,"href":"https:\/\/www.semanariolocal.cl\/index.php?rest_route=\/wp\/v2\/posts\/7765\/revisions"}],"predecessor-version":[{"id":7767,"href":"https:\/\/www.semanariolocal.cl\/index.php?rest_route=\/wp\/v2\/posts\/7765\/revisions\/7767"}],"wp:featuredmedia":[{"embeddable":true,"href":"https:\/\/www.semanariolocal.cl\/index.php?rest_route=\/wp\/v2\/media\/7766"}],"wp:attachment":[{"href":"https:\/\/www.semanariolocal.cl\/index.php?rest_route=%2Fwp%2Fv2%2Fmedia&parent=7765"}],"wp:term":[{"taxonomy":"category","embeddable":true,"href":"https:\/\/www.semanariolocal.cl\/index.php?rest_route=%2Fwp%2Fv2%2Fcategories&post=7765"},{"taxonomy":"post_tag","embeddable":true,"href":"https:\/\/www.semanariolocal.cl\/index.php?rest_route=%2Fwp%2Fv2%2Ftags&post=7765"}],"curies":[{"name":"wp","href":"https:\/\/api.w.org\/{rel}","templated":true}]}}