{"id":7736,"date":"2022-08-22T18:42:00","date_gmt":"2022-08-22T22:42:00","guid":{"rendered":"https:\/\/www.semanariolocal.cl\/?p=7736"},"modified":"2022-08-23T18:44:36","modified_gmt":"2022-08-23T22:44:36","slug":"diputados-udi-emplazan-a-boric-disculparse-tras-relativizar-crisis-de-seguridad","status":"publish","type":"post","link":"https:\/\/www.semanariolocal.cl\/?p=7736","title":{"rendered":"Diputados UDI emplazan a Boric disculparse tras relativizar crisis de seguridad"},"content":{"rendered":"\n<p class=\"wp-block-paragraph\">El subjefe de la Bancada UDI, Juan Antonio Coloma, junto a los diputados Juan Manuel Fuenzalida y Henry Leal, emplazaron esta ma\u00f1ana al Presidente Gabriel Boric a ofrecer disculpas p\u00fablicas a todas las v\u00edctimas de delitos en el pa\u00eds, luego que en una entrevista calificara como \u201ccherry picking\u201d el aumento sostenido que ha tenido la delincuencia desde principios de a\u00f1o a la fecha, de acuerdo con las cifras oficiales entregadas por Carabineros.<\/p>\n\n\n\n<p class=\"wp-block-paragraph\">Al respecto, los parlamentarios gremialistas tildaron como \u201cins\u00f3lita\u201d la expresi\u00f3n del Mandatario, quien us\u00f3 una frase asociada a la manipulaci\u00f3n de datos para referirse al escenario delictual, por lo que aseguraron que \u201cdemuestra su absoluta desconexi\u00f3n con la realidad que vivimos\u201d, agregando que \u201cpareciera que su obsesi\u00f3n y la de su gobierno por la campa\u00f1a del Apruebo no les permite enterarse de los homicidios y encerronas que a diario est\u00e1n viviendo los chilenos a lo largo del pa\u00eds\u201d.<\/p>\n\n\n\n<p class=\"wp-block-paragraph\">\u201cLa actitud del Presidente de la Rep\u00fablica denota una falta de respeto con quienes han sido v\u00edctimas de graves delitos durante el \u00faltimo tiempo. La crisis de seguridad que vivimos en Chile est\u00e1 lejos de ser un \u2018cherry picking\u2019, como \u00e9l intenta disfrazarla, si no que es una dura realidad cuyas consecuencias la est\u00e1n pagando los chilenos debido a la falta de incapacidad y preocupaci\u00f3n por parte de este Gobierno\u201d, criticaron los diputados UDI, insistiendo en que \u201ctodas las cifras oficiales, entre ellas el STOP de Carabineros y la Encuesta Nacional Urbana de Seguridad Ciudadana (Enusc), dan cuenta de un aumento sostenido de la delincuencia durante la actual administraci\u00f3n, y desconocer aquello no s\u00f3lo es una falta de respeto, sino que tambi\u00e9n una burla hacia miles de v\u00edctimas\u201d.<\/p>\n\n\n\n<p class=\"wp-block-paragraph\">Por lo mismo, Coloma, Fuenzalida y Leal emplazaron al Presidente Boric a reconocer su error y ofrecer disculpas p\u00fablicas a quienes precisamente se han visto afectados por la delincuencia y el terrorismo en la Macrozona Sur, advirtiendo que \u201ccuando la m\u00e1xima autoridad de un pa\u00eds minimiza a tal nivel la situaci\u00f3n delictual que vivimos, significa que no est\u00e1 dentro de sus principales prioridades y que, por lo mismo, corremos el serio riesgo de llegar a un punto de no retorno\u201d.<\/p>\n\n\n\n<p class=\"wp-block-paragraph\">\u201cEn la misma semana en que el Presidente Boric recorr\u00eda las regiones del sur haciendo campa\u00f1a por el Apruebo, los delitos en nuestro pa\u00eds aumentaron en un 35%. En el \u00faltimo mes, mientras su administraci\u00f3n se ha preocupado exclusivamente por el plebiscito, los delitos subieron un 43%. Esa es la verdadera realidad que estamos viviendo y as\u00ed lo han demostrado los propios chilenos. Sin embargo, la m\u00e1xima autoridad de nuestro pa\u00eds insiste en desconocer y minimizar esos datos, demostrando su absoluto desinter\u00e9s por buscar una soluci\u00f3n\u201d, cuestionaron los gremialistas.<\/p>\n","protected":false},"excerpt":{"rendered":"<p>Coloma, Fuenzalida y Leal calificaron como \u201cimprudente\u201d y una \u201cfalta de respeto con las v\u00edctimas de delitos\u201d las declaraciones del Mandatario, quien utiliz\u00f3 una frase asociada a la manipulaci\u00f3n de datos para referirse a la situaci\u00f3n delictual en el pa\u00eds. <\/p>\n","protected":false},"author":1,"featured_media":7737,"comment_status":"closed","ping_status":"closed","sticky":false,"template":"","format":"standard","meta":{"footnotes":""},"categories":[3],"tags":[],"class_list":["post-7736","post","type-post","status-publish","format-standard","has-post-thumbnail","hentry","category-al-dia"],"_links":{"self":[{"href":"https:\/\/www.semanariolocal.cl\/index.php?rest_route=\/wp\/v2\/posts\/7736","targetHints":{"allow":["GET"]}}],"collection":[{"href":"https:\/\/www.semanariolocal.cl\/index.php?rest_route=\/wp\/v2\/posts"}],"about":[{"href":"https:\/\/www.semanariolocal.cl\/index.php?rest_route=\/wp\/v2\/types\/post"}],"author":[{"embeddable":true,"href":"https:\/\/www.semanariolocal.cl\/index.php?rest_route=\/wp\/v2\/users\/1"}],"replies":[{"embeddable":true,"href":"https:\/\/www.semanariolocal.cl\/index.php?rest_route=%2Fwp%2Fv2%2Fcomments&post=7736"}],"version-history":[{"count":1,"href":"https:\/\/www.semanariolocal.cl\/index.php?rest_route=\/wp\/v2\/posts\/7736\/revisions"}],"predecessor-version":[{"id":7738,"href":"https:\/\/www.semanariolocal.cl\/index.php?rest_route=\/wp\/v2\/posts\/7736\/revisions\/7738"}],"wp:featuredmedia":[{"embeddable":true,"href":"https:\/\/www.semanariolocal.cl\/index.php?rest_route=\/wp\/v2\/media\/7737"}],"wp:attachment":[{"href":"https:\/\/www.semanariolocal.cl\/index.php?rest_route=%2Fwp%2Fv2%2Fmedia&parent=7736"}],"wp:term":[{"taxonomy":"category","embeddable":true,"href":"https:\/\/www.semanariolocal.cl\/index.php?rest_route=%2Fwp%2Fv2%2Fcategories&post=7736"},{"taxonomy":"post_tag","embeddable":true,"href":"https:\/\/www.semanariolocal.cl\/index.php?rest_route=%2Fwp%2Fv2%2Ftags&post=7736"}],"curies":[{"name":"wp","href":"https:\/\/api.w.org\/{rel}","templated":true}]}}