{"id":7622,"date":"2022-08-17T08:40:00","date_gmt":"2022-08-17T12:40:00","guid":{"rendered":"https:\/\/www.semanariolocal.cl\/?p=7622"},"modified":"2022-08-17T16:38:00","modified_gmt":"2022-08-17T20:38:00","slug":"coro-de-camara-ulagos-y-coro-polifonico-de-purranque-compartiran-escenario-este-sabado","status":"publish","type":"post","link":"https:\/\/www.semanariolocal.cl\/?p=7622","title":{"rendered":"Coro de C\u00e1mara ULagos\u00a0y Coro Polif\u00f3nico de Purranque compartir\u00e1n escenario este s\u00e1bado"},"content":{"rendered":"\n<p>El Coro de C\u00e1mara de la Universidad de Los Lagos, dirigido por&nbsp;<strong>Andr\u00e9s Pereira<\/strong>, volver\u00e1 a los escenarios tras la pandemia este&nbsp;<strong>s\u00e1bado 20 de agosto<\/strong>&nbsp;a las 17:30 hrs. en el<strong>&nbsp;Teatro Municipal de Purranque<\/strong>.<\/p>\n\n\n\n<p>El concierto titulado&nbsp;<strong>\u201cCanto para un nuevo amanecer\u201d<\/strong>, simboliza el sentido que tiene reencontrarse en el canto y con los p\u00fablicos de la regi\u00f3n tras casi tres a\u00f1os. Pereira indic\u00f3 que por lo mismo el repertorio escogido refleja la emotividad que siente la agrupaci\u00f3n por volver a actuar.<\/p>\n\n\n\n<p>La agrupaci\u00f3n coral osornina compartir\u00e1 escenario con el Coro Polif\u00f3nico de Purranque, dirigido por Marcelo \u00c1lvarez, en una muestra de vinculaci\u00f3n art\u00edstica con los elencos de la regi\u00f3n.<\/p>\n\n\n\n<p>La directora de la Academia de Arte y Cultura, Gladys Moreno, destac\u00f3 el trabajo y compromiso de las y los coralistas, as\u00ed como de su director Andr\u00e9s Pereira, para ofrecer un concierto de calidad al p\u00fablico de Purranque.&nbsp;<\/p>\n\n\n\n<p>\u201cNos llena de emoci\u00f3n el compromiso que han puesto las y los integrantes del Coro desde que volvimos a los ensayos en abril, y por eso sentimos un gran orgullo de poder llevar al p\u00fablico de Purranque, que se ha portado de maravilla con el Ensamble y la Orquesta, este espect\u00e1culo coral que les llegar\u00e1 al alma\u201d, coment\u00f3 Moreno.<\/p>\n\n\n\n<p>A la vez que agradeci\u00f3 la disposici\u00f3n de trabajo colaborativo que ha tenido siempre la Municipalidad de Purranque, facilitando las dependencias del Teatro Municipal y sus equipos t\u00e9cnicos para el buen desarrollo del programa de extensi\u00f3n art\u00edstica de la Academia de Arte y Cultura.<\/p>\n","protected":false},"excerpt":{"rendered":"<p>El Coro de C\u00e1mara de la Universidad de Los Lagos, dirigido por&nbsp;Andr\u00e9s Pereira, volver\u00e1 a los escenarios tras la pandemia este&nbsp;s\u00e1bado 20 de agosto&nbsp;a las 17:30 hrs. en el&nbsp;Teatro Municipal de Purranque. El concierto titulado&nbsp;\u201cCanto para un nuevo amanecer\u201d, simboliza el sentido que tiene reencontrarse en el canto y con los p\u00fablicos de la regi\u00f3n&#8230;<a class=\"btnReadMore\" href=\"https:\/\/www.semanariolocal.cl\/?p=7622\"> Leer M\u00e1s<\/a><\/p>\n","protected":false},"author":1,"featured_media":7623,"comment_status":"closed","ping_status":"closed","sticky":false,"template":"","format":"standard","meta":{"footnotes":""},"categories":[10,11],"tags":[],"class_list":["post-7622","post","type-post","status-publish","format-standard","has-post-thumbnail","hentry","category-cultura","category-educacion"],"_links":{"self":[{"href":"https:\/\/www.semanariolocal.cl\/index.php?rest_route=\/wp\/v2\/posts\/7622","targetHints":{"allow":["GET"]}}],"collection":[{"href":"https:\/\/www.semanariolocal.cl\/index.php?rest_route=\/wp\/v2\/posts"}],"about":[{"href":"https:\/\/www.semanariolocal.cl\/index.php?rest_route=\/wp\/v2\/types\/post"}],"author":[{"embeddable":true,"href":"https:\/\/www.semanariolocal.cl\/index.php?rest_route=\/wp\/v2\/users\/1"}],"replies":[{"embeddable":true,"href":"https:\/\/www.semanariolocal.cl\/index.php?rest_route=%2Fwp%2Fv2%2Fcomments&post=7622"}],"version-history":[{"count":1,"href":"https:\/\/www.semanariolocal.cl\/index.php?rest_route=\/wp\/v2\/posts\/7622\/revisions"}],"predecessor-version":[{"id":7624,"href":"https:\/\/www.semanariolocal.cl\/index.php?rest_route=\/wp\/v2\/posts\/7622\/revisions\/7624"}],"wp:featuredmedia":[{"embeddable":true,"href":"https:\/\/www.semanariolocal.cl\/index.php?rest_route=\/wp\/v2\/media\/7623"}],"wp:attachment":[{"href":"https:\/\/www.semanariolocal.cl\/index.php?rest_route=%2Fwp%2Fv2%2Fmedia&parent=7622"}],"wp:term":[{"taxonomy":"category","embeddable":true,"href":"https:\/\/www.semanariolocal.cl\/index.php?rest_route=%2Fwp%2Fv2%2Fcategories&post=7622"},{"taxonomy":"post_tag","embeddable":true,"href":"https:\/\/www.semanariolocal.cl\/index.php?rest_route=%2Fwp%2Fv2%2Ftags&post=7622"}],"curies":[{"name":"wp","href":"https:\/\/api.w.org\/{rel}","templated":true}]}}