{"id":7599,"date":"2022-08-17T08:05:00","date_gmt":"2022-08-17T12:05:00","guid":{"rendered":"https:\/\/www.semanariolocal.cl\/?p=7599"},"modified":"2022-08-17T13:15:38","modified_gmt":"2022-08-17T17:15:38","slug":"con-el-hombre-del-norte-cine-club-ulagos-inicia-su-programacion-del-segundo-semestre","status":"publish","type":"post","link":"https:\/\/www.semanariolocal.cl\/?p=7599","title":{"rendered":"Con\u00a0\u201cEl hombre del norte\u201d\u00a0Cine Club ULagos inicia su programaci\u00f3n del segundo semestre"},"content":{"rendered":"\n<p>Este jueves&nbsp;<strong>18 de agosto<\/strong>&nbsp;el Cine Club de la Universidad de Los Lagos retomar\u00e1 su programaci\u00f3n habitual de los d\u00edas jueves a las 18:30 horas en el Aula Magna del Campus Osorno, tras un positivo primer semestre en cuanto a cantidad de exhibiciones y de p\u00fablico.<\/p>\n\n\n\n<p>El programa del segundo semestre iniciar\u00e1 con la producci\u00f3n estadounidense-brit\u00e1nica&nbsp;<strong>\u201cEl hombre del norte\u201d&nbsp;<\/strong>del director&nbsp;<strong>Robert Eggers<\/strong>, estrenada mundialmente en marzo de 2022 y que tuvo favorables comentarios de la cr\u00edtica y el p\u00fablico, consagrando a Eggers como uno de los principales directores de la actualidad.<\/p>\n\n\n\n<p>El filme protagonizado por el sueco Alexander Skarsg\u00e5rd, Nicole Kidman, Anya Taylor-Joy y Willem Defoe, forma parte del ciclo de selecci\u00f3n que ofrecer\u00e1 el Cine Club universitario una vez al mes, al que se suman t\u00edtulos como \u201cBenedetta\u201d, \u201cTodo en todas parte al mismo tiempo\u201d y \u201cLamb\u201d, todos estrenados en cartelera este 2022.<\/p>\n\n\n\n<p>En tanto que la pr\u00f3xima semana dar\u00e1 paso a un recorrido por destacadas obras del g\u00e9nero de Ciencia Ficci\u00f3n, comenzando por&nbsp;<strong>\u201cAlien: El octavo pasajero\u201d<\/strong>&nbsp;(Ridley Scott, 1979) el jueves&nbsp;<strong>25 de agosto<\/strong>, y que continuar\u00e1 con \u201cSector 9\u201d, \u201c12 monos\u201d, y \u201cMatrix Resurrecciones\u201d en los meses sucesivos.<\/p>\n\n\n\n<p>La programaci\u00f3n para el resto del semestre incluye dos ciclos m\u00e1s, el primero nos ofrecer\u00e1 la mirada femenina en el cine con una selecci\u00f3n de obras dirigidas por mujeres, comenzando el&nbsp;<strong>1 de septiembre<\/strong>&nbsp;con&nbsp;<strong>\u201cLas v\u00edrgenes suicidas\u201d<\/strong>&nbsp;de Soffia Coppola y donde se incluyen adem\u00e1s \u201cTitane\u201d, \u201cTarde para morir joven\u201d y \u201cEl poder del perro\u201d.<\/p>\n\n\n\n<p>El \u00faltimo ciclo estar\u00e1 dedicado a la rebeld\u00eda juvenil a trav\u00e9s de distintas \u00e9pocas, comenzando por \u201cLa haine\u201d (Francia, 1995), seguida de \u201cMade in Britain\u201d, \u201cNaci\u00f3n asesina\u201d, para finalizar con \u201cPusher\u201d a mediados del mes de diciembre.<\/p>\n\n\n\n<p>Todas las exhibiciones estar\u00e1n precedidas de una muestra de cortometrajes realizados por estudiantes ULagos que cursaron la asignatura Cine e Historia con el profesor Hern\u00e1n Delgado. Como siempre la entrada al Cine Club ULagos es liberada y forma parte de la cartelera cultural de la Universidad de Los Lagos a la comunidad de Osorno en la b\u00fasqueda de contribuir al desarrollo sociocultural de la Regi\u00f3n de Los Lagos.<\/p>\n","protected":false},"excerpt":{"rendered":"<p>Este jueves&nbsp;18 de agosto&nbsp;el Cine Club de la Universidad de Los Lagos retomar\u00e1 su programaci\u00f3n habitual de los d\u00edas jueves a las 18:30 horas en el Aula Magna del Campus Osorno, tras un positivo primer semestre en cuanto a cantidad de exhibiciones y de p\u00fablico. El programa del segundo semestre iniciar\u00e1 con la producci\u00f3n estadounidense-brit\u00e1nica&nbsp;\u201cEl&#8230;<a class=\"btnReadMore\" href=\"https:\/\/www.semanariolocal.cl\/?p=7599\"> Leer M\u00e1s<\/a><\/p>\n","protected":false},"author":1,"featured_media":7600,"comment_status":"closed","ping_status":"closed","sticky":false,"template":"","format":"standard","meta":{"footnotes":""},"categories":[10],"tags":[],"class_list":["post-7599","post","type-post","status-publish","format-standard","has-post-thumbnail","hentry","category-cultura"],"_links":{"self":[{"href":"https:\/\/www.semanariolocal.cl\/index.php?rest_route=\/wp\/v2\/posts\/7599","targetHints":{"allow":["GET"]}}],"collection":[{"href":"https:\/\/www.semanariolocal.cl\/index.php?rest_route=\/wp\/v2\/posts"}],"about":[{"href":"https:\/\/www.semanariolocal.cl\/index.php?rest_route=\/wp\/v2\/types\/post"}],"author":[{"embeddable":true,"href":"https:\/\/www.semanariolocal.cl\/index.php?rest_route=\/wp\/v2\/users\/1"}],"replies":[{"embeddable":true,"href":"https:\/\/www.semanariolocal.cl\/index.php?rest_route=%2Fwp%2Fv2%2Fcomments&post=7599"}],"version-history":[{"count":1,"href":"https:\/\/www.semanariolocal.cl\/index.php?rest_route=\/wp\/v2\/posts\/7599\/revisions"}],"predecessor-version":[{"id":7601,"href":"https:\/\/www.semanariolocal.cl\/index.php?rest_route=\/wp\/v2\/posts\/7599\/revisions\/7601"}],"wp:featuredmedia":[{"embeddable":true,"href":"https:\/\/www.semanariolocal.cl\/index.php?rest_route=\/wp\/v2\/media\/7600"}],"wp:attachment":[{"href":"https:\/\/www.semanariolocal.cl\/index.php?rest_route=%2Fwp%2Fv2%2Fmedia&parent=7599"}],"wp:term":[{"taxonomy":"category","embeddable":true,"href":"https:\/\/www.semanariolocal.cl\/index.php?rest_route=%2Fwp%2Fv2%2Fcategories&post=7599"},{"taxonomy":"post_tag","embeddable":true,"href":"https:\/\/www.semanariolocal.cl\/index.php?rest_route=%2Fwp%2Fv2%2Ftags&post=7599"}],"curies":[{"name":"wp","href":"https:\/\/api.w.org\/{rel}","templated":true}]}}