{"id":7563,"date":"2022-08-11T08:40:00","date_gmt":"2022-08-11T12:40:00","guid":{"rendered":"https:\/\/www.semanariolocal.cl\/?p=7563"},"modified":"2022-08-13T00:02:09","modified_gmt":"2022-08-13T04:02:09","slug":"ministerio-de-las-culturas-abre-convocatoria-para-postular-al-sello-artesania-indigena-2022","status":"publish","type":"post","link":"https:\/\/www.semanariolocal.cl\/?p=7563","title":{"rendered":"Ministerio de las Culturas abre convocatoria para postular al Sello Artesan\u00eda Ind\u00edgena 2022"},"content":{"rendered":"\n<p>Por s\u00e9ptimo a\u00f1o consecutivo el Ministerio de las Culturas, las Artes y el Patrimonio a trav\u00e9s de la Subdirecci\u00f3n Nacional de Pueblos Originarios abre la convocatoria para postular al Sello Artesan\u00eda Ind\u00edgena, distinci\u00f3n otorgada a obras de artesan\u00eda tradicional elaboradas por artesanos\/as pertenecientes a los pueblos originarios.<\/p>\n\n\n\n<p>\u201cEn las obras de las y los maestros artesanos confluyen sus cosmovisiones, paisajes y memorias. Sus oficios forman parte de una tradici\u00f3n oral que se transmite de generaci\u00f3n en generaci\u00f3n, implican saberes y destrezas particulares y responden a formas de vida ancladas en el territorio y los ciclos de la naturaleza\u201d, dijo la Subsecretaria del Patrimonio Cultural, Paulina Soto Labb\u00e9, quien agreg\u00f3: \u201cSu sobrevivencia se ve amenazada en la actualidad tanto por las nuevas din\u00e1micas de producci\u00f3n y comercializaci\u00f3n como por las crisis medioambientales y la escasez de materias primas. Por ello reconocer a artesanos\/as es fundamental para visibilizar su arte y fomentar su vigencia\u201d.<\/p>\n\n\n\n<p>El Sello Artesan\u00eda Ind\u00edgena es un reconocimiento que aporta a la dignificaci\u00f3n de un oficio que es parte de las expresiones m\u00e1s antiguas y fundamentales de las culturas ind\u00edgenas.<\/p>\n\n\n\n<p>La Seremi Cristina A\u00f1asco explic\u00f3 que las postulaciones se recibir\u00e1n de manera digital y las bases del concurso y el formulario \u00fanico de postulaci\u00f3n est\u00e1n disponibles en <a href=\"http:\/\/www.pueblosoriginarios.gob.cl\/sello-artesania-indigena\">www.pueblosoriginarios.gob.cl\/sello-artesania-indigena<\/a>, agregando que \u201cel plazo para participar se extender\u00e1 hasta el 31 de agosto a las 23:59 horas, y se respetar\u00e1 el huso horario de Chile continental, Rapa Nui y la regi\u00f3n de Magallanes.Podr\u00e1n postular personas ind\u00edgenas mayores de 18 a\u00f1os de los pueblos reconocidos por la Ley N\u00b0 19.253, que acrediten su pertenencia a los respectivos pueblos por medio de sus apellidos o, cuando \u00e9stos no sean evidentes, mediante certificado emitido por la Corporaci\u00f3n Nacional de Desarrollo Ind\u00edgena (Conadi)\u201d.<\/p>\n\n\n\n<p>Ser\u00e1n galardonadas 10 obras ganadoras y 5 menciones honrosas. Las obras ganadoras y sus creadores\/as ser\u00e1n reconocidos\/as con el certificado oficial del \u00abSello Artesan\u00eda Ind\u00edgena\u00bb y obtendr\u00e1n un premio de 1 mill\u00f3n de pesos. En tanto, las menciones honrosas recibir\u00e1n un incentivo en dinero de 500 mil pesos cada una.<\/p>\n\n\n\n<p>Todas las consultas se pueden realizar en el correo <a href=\"mailto:artesaniaindigena@patrimoniocultural.gob.cl\">artesaniaindigena@patrimoniocultural.gob.cl<\/a><\/p>\n","protected":false},"excerpt":{"rendered":"<p>Por s\u00e9ptimo a\u00f1o consecutivo el Ministerio de las Culturas, las Artes y el Patrimonio a trav\u00e9s de la Subdirecci\u00f3n Nacional de Pueblos Originarios abre la convocatoria para postular al Sello Artesan\u00eda Ind\u00edgena, distinci\u00f3n otorgada a obras de artesan\u00eda tradicional elaboradas por artesanos\/as pertenecientes a los pueblos originarios. \u201cEn las obras de las y los maestros&#8230;<a class=\"btnReadMore\" href=\"https:\/\/www.semanariolocal.cl\/?p=7563\"> Leer M\u00e1s<\/a><\/p>\n","protected":false},"author":1,"featured_media":7564,"comment_status":"closed","ping_status":"closed","sticky":false,"template":"","format":"standard","meta":{"footnotes":""},"categories":[3,10],"tags":[],"class_list":["post-7563","post","type-post","status-publish","format-standard","has-post-thumbnail","hentry","category-al-dia","category-cultura"],"_links":{"self":[{"href":"https:\/\/www.semanariolocal.cl\/index.php?rest_route=\/wp\/v2\/posts\/7563","targetHints":{"allow":["GET"]}}],"collection":[{"href":"https:\/\/www.semanariolocal.cl\/index.php?rest_route=\/wp\/v2\/posts"}],"about":[{"href":"https:\/\/www.semanariolocal.cl\/index.php?rest_route=\/wp\/v2\/types\/post"}],"author":[{"embeddable":true,"href":"https:\/\/www.semanariolocal.cl\/index.php?rest_route=\/wp\/v2\/users\/1"}],"replies":[{"embeddable":true,"href":"https:\/\/www.semanariolocal.cl\/index.php?rest_route=%2Fwp%2Fv2%2Fcomments&post=7563"}],"version-history":[{"count":1,"href":"https:\/\/www.semanariolocal.cl\/index.php?rest_route=\/wp\/v2\/posts\/7563\/revisions"}],"predecessor-version":[{"id":7565,"href":"https:\/\/www.semanariolocal.cl\/index.php?rest_route=\/wp\/v2\/posts\/7563\/revisions\/7565"}],"wp:featuredmedia":[{"embeddable":true,"href":"https:\/\/www.semanariolocal.cl\/index.php?rest_route=\/wp\/v2\/media\/7564"}],"wp:attachment":[{"href":"https:\/\/www.semanariolocal.cl\/index.php?rest_route=%2Fwp%2Fv2%2Fmedia&parent=7563"}],"wp:term":[{"taxonomy":"category","embeddable":true,"href":"https:\/\/www.semanariolocal.cl\/index.php?rest_route=%2Fwp%2Fv2%2Fcategories&post=7563"},{"taxonomy":"post_tag","embeddable":true,"href":"https:\/\/www.semanariolocal.cl\/index.php?rest_route=%2Fwp%2Fv2%2Ftags&post=7563"}],"curies":[{"name":"wp","href":"https:\/\/api.w.org\/{rel}","templated":true}]}}