{"id":7560,"date":"2022-08-11T08:55:00","date_gmt":"2022-08-11T12:55:00","guid":{"rendered":"https:\/\/www.semanariolocal.cl\/?p=7560"},"modified":"2022-08-12T23:57:20","modified_gmt":"2022-08-13T03:57:20","slug":"concurso-historias-de-nuestra-tierra-cumple-30-anos-aportando-a-la-cultura-rural","status":"publish","type":"post","link":"https:\/\/www.semanariolocal.cl\/?p=7560","title":{"rendered":"Concurso Historias de Nuestra Tierra cumple 30 a\u00f1os aportando a la cultura rural"},"content":{"rendered":"\n<p>El concurso Historias de Nuestra Tierra cumple 30 a\u00f1os relevando y poniendo en valor la cultura rural a lo largo del pa\u00eds. Por ello, en esta convocatoria 2022 trae premios destacados, como la distinci\u00f3n especial para ganadoras y ganadores hist\u00f3ricos en las categor\u00edas de cuento y poema, junto con un importante reconocimiento a las escuelas con mayor participaci\u00f3n a lo largo del pa\u00eds.<br><br>Este certamen del Ministerio de Agricultura, organizado por la Fundaci\u00f3n de Comunicaciones, Capacitaci\u00f3n y Cultura del Agro (FUCOA), ha permitido recopilar y compartir relatos, mitos, leyendas e im\u00e1genes propias del campo chileno, a trav\u00e9s de sus distintas categor\u00edas: Cuento y Poema, tradicionales del concurso, y las nuevas de Dibujo y Fotograf\u00eda, lanzadas desde 2019.<br><br>Son miles las obras de ni\u00f1os, ni\u00f1as, j\u00f3venes y adultos de todo Chile las que a\u00f1o a a\u00f1o recibe la fundaci\u00f3n gracias a esta iniciativa, constituyendo un aporte invaluable a la preservaci\u00f3n y difusi\u00f3n de la tradici\u00f3n oral y el patrimonio cultural del mundo rural. De hecho, junto con la publicaci\u00f3n anual de las creaciones ganadoras a trav\u00e9s de libros, exposiciones y el sitio web&nbsp;<a href=\"http:\/\/www.historiasdenuestratierra.cl\/\" target=\"_blank\" rel=\"noreferrer noopener\">www.historiasdenuestratierra.cl<\/a>, todo este material es entregado a la Biblioteca Nacional, donde pasa a formar parte del Archivo de Literatura Oral y Tradiciones Populares, siendo consultados tanto por investigadores como por p\u00fablico en general.<\/p>\n\n\n\n<p>\u201cJunto con los premios habituales para todo p\u00fablico en las cuatro categor\u00edas, este a\u00f1o hemos querido agradecer y reconocer a todas y todos quienes han participado en el concurso Historias de Nuestra Tierra, por medio del Premio Especial 30 a\u00f1os, que entregaremos al cuento o poema que destaque entre las y los participantes que ya han sido ganadores, tanto regionales como nacionales, a lo largo de estas tres d\u00e9cadas\u201d, se\u00f1al\u00f3 el director ejecutivo de FUCOA, Claudio Urtubia.<\/p>\n\n\n\n<p>De esta forma, con la sola participaci\u00f3n en las categor\u00edas de cuento o poema, autom\u00e1ticamente se postula a la nueva distinci\u00f3n especial por los 30 a\u00f1os del certamen, adem\u00e1s de los premios especiales habituales \u201cA la Trayectoria\u201d, \u201cPueblos Originarios\u201d, \u201cMujer Rural\u201d, \u201cProfesor Rural\u201d, \u201cOficios Tradicionales\u201d, \u201cMigrantes\u201d y \u201cMandinga\u201d, este \u00faltimo tambi\u00e9n incorporado en esta convocatoria 2022.<\/p>\n\n\n\n<p>Y para incentivar la participaci\u00f3n de estudiantes, profesores, administrativos, colaboradores, padres, madres, apoderados y toda la comunidad perteneciente a establecimientos educacionales de todo el pa\u00eds, por tercer a\u00f1o consecutivo se entregar\u00e1 un premio especial a las tres escuelas, liceos o colegios que env\u00eden m\u00e1s obras.<\/p>\n\n\n\n<p>\u201cSe entregar\u00e1n tres notebooks al primer lugar, dos al segundo lugar y uno al tercer lugar. Para este premio, adem\u00e1s de la cantidad de obras enviadas, se considerar\u00e1n tambi\u00e9n como criterios el n\u00famero de matr\u00edculas, el \u00edndice de vulnerabilidad y si el establecimiento pertenece a una localidad rural\u201d, explic\u00f3 la jefa del \u00e1rea de Cultura de FUCOA, Pierina Cavalli.<\/p>\n\n\n\n<p>Cabe recordar que la convocatoria 2022 del concurso Historias de Nuestra Tierra est\u00e1 abierta hasta el 31 de agosto. Las obras pueden ser enviadas a las oficinas de FUCOA (Teatinos 40 piso 5, Santiago) y a trav\u00e9s del sitio web&nbsp;<a href=\"http:\/\/www.historiasdenuestratierra.cl\/\" target=\"_blank\" rel=\"noreferrer noopener\">www.historiasdenuestratierra.cl<\/a>, donde est\u00e1n disponibles las bases del certamen, adem\u00e1s de los resultados anteriores, la galer\u00eda de ganadores, material educativo y m\u00e1s informaci\u00f3n.<\/p>\n","protected":false},"excerpt":{"rendered":"<p>Este a\u00f1o, adem\u00e1s de sus premios habituales, el tradicional certamen del Ministerio de Agricultura incluye una distinci\u00f3n para ganadoras y ganadores hist\u00f3ricos de todo el pa\u00eds en las categor\u00edas de cuento y poema. Tambi\u00e9n se premiar\u00e1 con computadores a los tres establecimientos educacionales que m\u00e1s participen a nivel nacional.<\/p>\n","protected":false},"author":1,"featured_media":7561,"comment_status":"closed","ping_status":"closed","sticky":false,"template":"","format":"standard","meta":{"footnotes":""},"categories":[20,10],"tags":[],"class_list":["post-7560","post","type-post","status-publish","format-standard","has-post-thumbnail","hentry","category-agro","category-cultura"],"_links":{"self":[{"href":"https:\/\/www.semanariolocal.cl\/index.php?rest_route=\/wp\/v2\/posts\/7560","targetHints":{"allow":["GET"]}}],"collection":[{"href":"https:\/\/www.semanariolocal.cl\/index.php?rest_route=\/wp\/v2\/posts"}],"about":[{"href":"https:\/\/www.semanariolocal.cl\/index.php?rest_route=\/wp\/v2\/types\/post"}],"author":[{"embeddable":true,"href":"https:\/\/www.semanariolocal.cl\/index.php?rest_route=\/wp\/v2\/users\/1"}],"replies":[{"embeddable":true,"href":"https:\/\/www.semanariolocal.cl\/index.php?rest_route=%2Fwp%2Fv2%2Fcomments&post=7560"}],"version-history":[{"count":1,"href":"https:\/\/www.semanariolocal.cl\/index.php?rest_route=\/wp\/v2\/posts\/7560\/revisions"}],"predecessor-version":[{"id":7562,"href":"https:\/\/www.semanariolocal.cl\/index.php?rest_route=\/wp\/v2\/posts\/7560\/revisions\/7562"}],"wp:featuredmedia":[{"embeddable":true,"href":"https:\/\/www.semanariolocal.cl\/index.php?rest_route=\/wp\/v2\/media\/7561"}],"wp:attachment":[{"href":"https:\/\/www.semanariolocal.cl\/index.php?rest_route=%2Fwp%2Fv2%2Fmedia&parent=7560"}],"wp:term":[{"taxonomy":"category","embeddable":true,"href":"https:\/\/www.semanariolocal.cl\/index.php?rest_route=%2Fwp%2Fv2%2Fcategories&post=7560"},{"taxonomy":"post_tag","embeddable":true,"href":"https:\/\/www.semanariolocal.cl\/index.php?rest_route=%2Fwp%2Fv2%2Ftags&post=7560"}],"curies":[{"name":"wp","href":"https:\/\/api.w.org\/{rel}","templated":true}]}}