{"id":7553,"date":"2022-08-12T07:39:00","date_gmt":"2022-08-12T11:39:00","guid":{"rendered":"https:\/\/www.semanariolocal.cl\/?p=7553"},"modified":"2022-08-12T23:42:26","modified_gmt":"2022-08-13T03:42:26","slug":"vecinos-de-puerta-sur-en-puerto-montt-conocen-detalles-de-nuevo-proyecto-junji","status":"publish","type":"post","link":"https:\/\/www.semanariolocal.cl\/?p=7553","title":{"rendered":"Vecinos de Puerta Sur en Puerto Montt conocen detalles de nuevo proyecto JUNJI"},"content":{"rendered":"\n<p>La actividad Somos Vecinos, organizada por la JUNJI y encabezada por la directora regional (s) Mar\u00eda Antonieta Sanchez, inform\u00f3 a la comunidad sobre el proceso de avance y pr\u00f3ximo proceso de Postulaci\u00f3n 2023 que se llevar\u00e1 pr\u00f3ximamente en la futura unidad educativa, la cual tiene un avance de sus obras del 90 por ciento.<\/p>\n\n\n\n<p>El nuevo establecimiento de Puerta Sur -que se estima abrir\u00e1 sus puertas en marzo o abril del pr\u00f3ximo a\u00f1o- cuenta un moderno dise\u00f1o de 2 niveles de atenci\u00f3n (sala cuna y nivel medio), capacidad de 48 ni\u00f1os y ni\u00f1as, una superficie de 543 metros cuadrados y altos est\u00e1ndares en su construcci\u00f3n. Esto, con un costo total de mil 60 millones de pesos.<\/p>\n\n\n\n<p>\u201cPara nosotros es fundamental habernos reunido con las familias y vecinos para poder explicarles las materias de infraestructura, c\u00f3mo hacer sus pr\u00f3ximas postulaciones y en que se est\u00e1 trabajando en la actualidad en materia de educaci\u00f3n inicial\u201d, destac\u00f3 Sanchez.<\/p>\n\n\n\n<p>Asimismo, la autoridad de JUNJI agreg\u00f3 que \u201ceste nuevo espacio educativo responde a una necesidad comunitaria de Puerta Sur, donde los ni\u00f1os y ni\u00f1as podr\u00e1n tener la opci\u00f3n de disponer de procesos educativos de calidad y bienestar integral, de acuerdo a los par\u00e1metros normativos del Ministerio de Educaci\u00f3n y la misi\u00f3n de la JUNJI\u201d.<\/p>\n\n\n\n<p>En relaci\u00f3n con el proceso de inscripci\u00f3n y matr\u00edcula, se resalt\u00f3 que las familias podr\u00e1n postular en el proceso online dentro del sistema SIM (en el link&nbsp;&nbsp;<a href=\"https:\/\/simonline.junji.gob.cl\/\" target=\"_blank\" rel=\"noreferrer noopener\">https:\/\/simonline.junji.gob.cl\/<\/a>) o p\u00e1gina&nbsp;<a href=\"http:\/\/junji.cl\/\" target=\"_blank\" rel=\"noreferrer noopener\">JUNJI.CL<\/a>&nbsp;(en Postula a un Jard\u00edn Infantil), una vez que la unidad educativa exista en la plataforma web.<\/p>\n\n\n\n<p>Sobre la construcci\u00f3n del jard\u00edn infantil \u201cPuerta Sur\u201d, la vicepresidenta de la Junta de Vecinos, Noemi Allende, agradeci\u00f3 este primer acercamiento de JUNJI con la comunidad. \u201cExiste un crecimiento demogr\u00e1fico de la ciudad hacia las periferias que requiere de un acercamiento con diversas instituciones, incluyendo nuestra junta de vecinos como organizaci\u00f3n territorial y donde esperamos concretar una nueva reuni\u00f3n cuando est\u00e9 listo el proyecto de Sala Cuna y Jard\u00edn Infantil Puerta Sur\u201d, sostuvo la dirigente.<\/p>\n","protected":false},"excerpt":{"rendered":"<p>Representantes de JUNJI Los Lagos se reunieron con la comunidad del sector alto de Puerto Montt para informar sobre el proyecto del nuevo Jard\u00edn Infantil y Sala Cuna que atender\u00e1 el pr\u00f3ximo a\u00f1o a unos 50 p\u00e1rvulos.<\/p>\n","protected":false},"author":1,"featured_media":7554,"comment_status":"closed","ping_status":"closed","sticky":false,"template":"","format":"standard","meta":{"footnotes":""},"categories":[3,11],"tags":[],"class_list":["post-7553","post","type-post","status-publish","format-standard","has-post-thumbnail","hentry","category-al-dia","category-educacion"],"_links":{"self":[{"href":"https:\/\/www.semanariolocal.cl\/index.php?rest_route=\/wp\/v2\/posts\/7553","targetHints":{"allow":["GET"]}}],"collection":[{"href":"https:\/\/www.semanariolocal.cl\/index.php?rest_route=\/wp\/v2\/posts"}],"about":[{"href":"https:\/\/www.semanariolocal.cl\/index.php?rest_route=\/wp\/v2\/types\/post"}],"author":[{"embeddable":true,"href":"https:\/\/www.semanariolocal.cl\/index.php?rest_route=\/wp\/v2\/users\/1"}],"replies":[{"embeddable":true,"href":"https:\/\/www.semanariolocal.cl\/index.php?rest_route=%2Fwp%2Fv2%2Fcomments&post=7553"}],"version-history":[{"count":1,"href":"https:\/\/www.semanariolocal.cl\/index.php?rest_route=\/wp\/v2\/posts\/7553\/revisions"}],"predecessor-version":[{"id":7555,"href":"https:\/\/www.semanariolocal.cl\/index.php?rest_route=\/wp\/v2\/posts\/7553\/revisions\/7555"}],"wp:featuredmedia":[{"embeddable":true,"href":"https:\/\/www.semanariolocal.cl\/index.php?rest_route=\/wp\/v2\/media\/7554"}],"wp:attachment":[{"href":"https:\/\/www.semanariolocal.cl\/index.php?rest_route=%2Fwp%2Fv2%2Fmedia&parent=7553"}],"wp:term":[{"taxonomy":"category","embeddable":true,"href":"https:\/\/www.semanariolocal.cl\/index.php?rest_route=%2Fwp%2Fv2%2Fcategories&post=7553"},{"taxonomy":"post_tag","embeddable":true,"href":"https:\/\/www.semanariolocal.cl\/index.php?rest_route=%2Fwp%2Fv2%2Ftags&post=7553"}],"curies":[{"name":"wp","href":"https:\/\/api.w.org\/{rel}","templated":true}]}}