{"id":7543,"date":"2022-08-12T20:20:00","date_gmt":"2022-08-13T00:20:00","guid":{"rendered":"https:\/\/www.semanariolocal.cl\/?p=7543"},"modified":"2022-08-12T23:22:22","modified_gmt":"2022-08-13T03:22:22","slug":"consejeros-regionales-buscan-impulsar-apertura-de-cerro-campanario-en-puerto-montt","status":"publish","type":"post","link":"https:\/\/www.semanariolocal.cl\/?p=7543","title":{"rendered":"Consejeros Regionales buscan impulsar apertura de Cerro Campanario en Puerto Montt"},"content":{"rendered":"\n<p>Tras un an\u00e1lisis, por parte, de los integrantes de la Comisi\u00f3n de Infraestructura del Consejo Regional de los Lagos, surgi\u00f3 la idea de impulsar la apertura del Cerro Campanario a la comunidad y visitantes, lo cual, permitir\u00eda mejorar parte del patrimonio que posee la ciudad de Puerto Montt.<\/p>\n\n\n\n<p>Hasta las dependencias del Gobierno Regional llegaron los representantes del Serviu, Municipalidad de Puerto Montt y los encargados de patrimonio, quienes, en esta oportunidad fueron invitados por los consejeros pertenecientes a la comisi\u00f3n de infraestructura del Consejo Regional; en la reuni\u00f3n, los consejeros pudieron conocer del estado de situaci\u00f3n del cerro campanario, sitio que pertenece a la red de monumentos nacionales desde el a\u00f1o 1997.<\/p>\n\n\n\n<p>En ese sentido la idea es poder entregar a los jesuitas, quienes son los administradores de este lugar una propuesta concreta de parte de los organismos que se han sumado a esta iniciativa, la cual , pasar\u00eda por mejorar las instalaciones y poder concretar que este lugar sea un polo de atracci\u00f3n para la comunidad y turistas, tal como lo comento el Presidente de la Comisi\u00f3n, Rodrigo Wainraihgt, \u201clo que queremos buscar es poder abrir este lugar a la comunidad, sabemos que es un trabajo dif\u00edcil a lardo plazo. Hoy juntamos diversos actores, con el objetivo de conservar un lugar hist\u00f3rico para la ciudad que adem\u00e1s tiene un car\u00e1cter patrimonial, con lo cual tambi\u00e9n se busca rescatar con esto la historia de puerto montt\u201d.<\/p>\n\n\n\n<p>Asimismo, para el administrador del Cerro Campanario, Iv\u00e1n Brownie, esta propuesta tendr\u00eda que ser analizada por los propietarios del sitio, quienes, estar\u00edan dispuestos a escuchar y analizar las diversas alternativas, \u201chay inter\u00e9s por parte del gobierno regional de poder abrir este lugar, sin duda, sabemos que esto podr\u00eda ser un hito para toda la comunidad. Si bien es patrimonio sigue siendo utilizado, ya que, es un terreno de la compa\u00f1\u00eda de Jes\u00fas y tambi\u00e9n de puerto montt.<\/p>\n\n\n\n<p>A la reuni\u00f3n tambi\u00e9n asistieron los encargados de proyectos urbanos del Servicio de Vivienda y Urbanizaci\u00f3n (SERVIU), quienes estar\u00edan dispuestos a analizar las propuestas que se presenten, bajo las actuales condiciones que posee este terreno, tal como lo dio a conocer, Marcelo Vera, jefe de esta unidad,\u201d fuimos llamados a conocer esta iniciativa disponemos de un terreno colindante a lo que es el cerro, pudiera ver la posibilidad de que el terreno pudiera ser utilizado como un acceso al proyecto del cerro , lo cual , tiene que ser evaluado por el serviu\u201d.<\/p>\n\n\n\n<p>En cuanto a los costos iniciales de este proyecto, el monto superar\u00eda los 400 millones de pesos, instancia que se encuentra en una primera etapa de estudios y propuestas. Ahora, los consejeros y dem\u00e1s organismos, realizar\u00e1n una visita en terreno para conocer en detalle el estado actual de este importante sitio patrimonial de la capital regional.<\/p>\n","protected":false},"excerpt":{"rendered":"<p>Tras un an\u00e1lisis, por parte, de los integrantes de la Comisi\u00f3n de Infraestructura del Consejo Regional de los Lagos, surgi\u00f3 la idea de impulsar la apertura del Cerro Campanario a la comunidad y visitantes, lo cual, permitir\u00eda mejorar parte del patrimonio que posee la ciudad de Puerto Montt. Hasta las dependencias del Gobierno Regional llegaron&#8230;<a class=\"btnReadMore\" href=\"https:\/\/www.semanariolocal.cl\/?p=7543\"> Leer M\u00e1s<\/a><\/p>\n","protected":false},"author":1,"featured_media":7544,"comment_status":"closed","ping_status":"closed","sticky":false,"template":"","format":"standard","meta":{"footnotes":""},"categories":[3,9],"tags":[],"class_list":["post-7543","post","type-post","status-publish","format-standard","has-post-thumbnail","hentry","category-al-dia","category-gobierno"],"_links":{"self":[{"href":"https:\/\/www.semanariolocal.cl\/index.php?rest_route=\/wp\/v2\/posts\/7543","targetHints":{"allow":["GET"]}}],"collection":[{"href":"https:\/\/www.semanariolocal.cl\/index.php?rest_route=\/wp\/v2\/posts"}],"about":[{"href":"https:\/\/www.semanariolocal.cl\/index.php?rest_route=\/wp\/v2\/types\/post"}],"author":[{"embeddable":true,"href":"https:\/\/www.semanariolocal.cl\/index.php?rest_route=\/wp\/v2\/users\/1"}],"replies":[{"embeddable":true,"href":"https:\/\/www.semanariolocal.cl\/index.php?rest_route=%2Fwp%2Fv2%2Fcomments&post=7543"}],"version-history":[{"count":1,"href":"https:\/\/www.semanariolocal.cl\/index.php?rest_route=\/wp\/v2\/posts\/7543\/revisions"}],"predecessor-version":[{"id":7545,"href":"https:\/\/www.semanariolocal.cl\/index.php?rest_route=\/wp\/v2\/posts\/7543\/revisions\/7545"}],"wp:featuredmedia":[{"embeddable":true,"href":"https:\/\/www.semanariolocal.cl\/index.php?rest_route=\/wp\/v2\/media\/7544"}],"wp:attachment":[{"href":"https:\/\/www.semanariolocal.cl\/index.php?rest_route=%2Fwp%2Fv2%2Fmedia&parent=7543"}],"wp:term":[{"taxonomy":"category","embeddable":true,"href":"https:\/\/www.semanariolocal.cl\/index.php?rest_route=%2Fwp%2Fv2%2Fcategories&post=7543"},{"taxonomy":"post_tag","embeddable":true,"href":"https:\/\/www.semanariolocal.cl\/index.php?rest_route=%2Fwp%2Fv2%2Ftags&post=7543"}],"curies":[{"name":"wp","href":"https:\/\/api.w.org\/{rel}","templated":true}]}}