{"id":7540,"date":"2022-08-12T20:15:00","date_gmt":"2022-08-13T00:15:00","guid":{"rendered":"https:\/\/www.semanariolocal.cl\/?p=7540"},"modified":"2022-08-12T23:18:54","modified_gmt":"2022-08-13T03:18:54","slug":"personeros-de-salud-encabezan-jornada-comunitaria-en-puerto-octay","status":"publish","type":"post","link":"https:\/\/www.semanariolocal.cl\/?p=7540","title":{"rendered":"Personeros de Salud encabezan jornada comunitaria en Puerto Octay"},"content":{"rendered":"\n<p>Una jornada encabezada por el Seremi de Salud de Los Lagos, Carlos Becerra; y el Director (S) del Servicio de Salud Osorno (SSO), Luis Barrientos; se desarroll\u00f3 este viernes 12 de agosto en la comuna de Puerto Octay, hasta donde llegaron las autoridades del ramo para sostener una serie de reuniones con representantes de la comunidad, con el prop\u00f3sito de abordar brechas, proyectos y desaf\u00edos.<\/p>\n\n\n\n<p>Participaron de la visita ampliada el Senador por la zona, Fidel Espinoza; el Alcalde comunal, Gerardo Gunckel; as\u00ed como dirigentes gremiales, representantes del Consejo de Desarrollo del hospital octayino, de pueblos originarios, de agrupaciones vecinales, de asociaciones locales y jefes de servicio, entre otros.<\/p>\n\n\n\n<p>La jornada comenz\u00f3 con un recorrido por el Hospital de Puerto Octay (HPO), cuyo m\u00f3dulo de construcci\u00f3n acelerada se encuentra en proceso de licitaci\u00f3n (con ampliaci\u00f3n del plazo del cierre de oferta). All\u00ed, las autoridades fueron recibidas por el director del establecimiento, Rodrigo Lemarie, para luego trasladarse a una sede comunitaria, donde se sostuvieron las mencionadas reuniones.<\/p>\n\n\n\n<p>En la oportunidad, el Seremi de Salud, Carlos Becerra, coment\u00f3 que \u201cnos hab\u00edamos reunido (con la comunidad) hace un par de meses atr\u00e1s y nos vamos con una sensaci\u00f3n bastante grata, porque efectivamente las cosas que constatamos en esa oportunidad, las m\u00e1s urgentes, est\u00e1n avanzando, m\u00e1s all\u00e1 de las dificultades de contexto\u201d.<\/p>\n\n\n\n<p>\u201cAgradecidos, nos quedamos con la convicci\u00f3n de que la comunidad entendi\u00f3 de que estamos resolviendo los problemas en este corto tiempo que llevamos en la Direcci\u00f3n del Servicio, hemos avanzado, se han enderezado los proyectos y est\u00e1n caminando las licitaciones, creo que se consigui\u00f3 la meta de transparentar, y estamos haciendo nuestro mejor esfuerzo\u201d, expres\u00f3 por su parte el Director (S) del SSO, Luis Barrientos, tras reunirse -adem\u00e1s- con el alcalde Gunckel en dependencias del Municipio.<\/p>\n\n\n\n<p>Con el mismo \u00e1nimo colaborativo, el jefe comunal acot\u00f3 que \u201cfue una jornada bastante completa, qued\u00e9 bastante conforme y creo que se est\u00e1n desenredando los problemas que hemos tenido en la comuna, Puerto Octay se ha sentido un poco perjudicada con las obras &nbsp;y don Luis (Barrientos) tom\u00f3 eso como un desaf\u00edo y lo estamos resolviendo\u201d.<\/p>\n\n\n\n<p>Cabe mencionar que en la ocasi\u00f3n tambi\u00e9n se dio cuenta del estado de la construcci\u00f3n del Cecosf Las Cascadas, que si bien registra un grado de retraso, la obra est\u00e1 en plena faena y el avance -a la fecha- asciende a un 24,8%.&nbsp;<\/p>\n","protected":false},"excerpt":{"rendered":"<p>Seremi del ramo y Director (S) del SSO visitaron la comuna lacustre, donde se reunieron con el Alcalde y con distintos representantes de la sociedad civil.<\/p>\n","protected":false},"author":1,"featured_media":7541,"comment_status":"closed","ping_status":"closed","sticky":false,"template":"","format":"standard","meta":{"footnotes":""},"categories":[3],"tags":[],"class_list":["post-7540","post","type-post","status-publish","format-standard","has-post-thumbnail","hentry","category-al-dia"],"_links":{"self":[{"href":"https:\/\/www.semanariolocal.cl\/index.php?rest_route=\/wp\/v2\/posts\/7540","targetHints":{"allow":["GET"]}}],"collection":[{"href":"https:\/\/www.semanariolocal.cl\/index.php?rest_route=\/wp\/v2\/posts"}],"about":[{"href":"https:\/\/www.semanariolocal.cl\/index.php?rest_route=\/wp\/v2\/types\/post"}],"author":[{"embeddable":true,"href":"https:\/\/www.semanariolocal.cl\/index.php?rest_route=\/wp\/v2\/users\/1"}],"replies":[{"embeddable":true,"href":"https:\/\/www.semanariolocal.cl\/index.php?rest_route=%2Fwp%2Fv2%2Fcomments&post=7540"}],"version-history":[{"count":1,"href":"https:\/\/www.semanariolocal.cl\/index.php?rest_route=\/wp\/v2\/posts\/7540\/revisions"}],"predecessor-version":[{"id":7542,"href":"https:\/\/www.semanariolocal.cl\/index.php?rest_route=\/wp\/v2\/posts\/7540\/revisions\/7542"}],"wp:featuredmedia":[{"embeddable":true,"href":"https:\/\/www.semanariolocal.cl\/index.php?rest_route=\/wp\/v2\/media\/7541"}],"wp:attachment":[{"href":"https:\/\/www.semanariolocal.cl\/index.php?rest_route=%2Fwp%2Fv2%2Fmedia&parent=7540"}],"wp:term":[{"taxonomy":"category","embeddable":true,"href":"https:\/\/www.semanariolocal.cl\/index.php?rest_route=%2Fwp%2Fv2%2Fcategories&post=7540"},{"taxonomy":"post_tag","embeddable":true,"href":"https:\/\/www.semanariolocal.cl\/index.php?rest_route=%2Fwp%2Fv2%2Ftags&post=7540"}],"curies":[{"name":"wp","href":"https:\/\/api.w.org\/{rel}","templated":true}]}}