{"id":7537,"date":"2022-08-12T08:00:00","date_gmt":"2022-08-12T12:00:00","guid":{"rendered":"https:\/\/www.semanariolocal.cl\/?p=7537"},"modified":"2022-08-12T23:15:26","modified_gmt":"2022-08-13T03:15:26","slug":"diputado-carter-condena-ataque-a-museo-de-bellas-artes-y-pide-endurecer-penas","status":"publish","type":"post","link":"https:\/\/www.semanariolocal.cl\/?p=7537","title":{"rendered":"Diputado Carter condena ataque a Museo de Bellas Artes y pide endurecer penas"},"content":{"rendered":"\n<p>Luego de conocerse un registro, en donde se observa a dos sujetos rayando el &nbsp;el&nbsp;techo&nbsp;del&nbsp;Museo Nacional de Bellas Artes. El Diputado por el distrito 12, \u00c1lvaro Carter, reaccion\u00f3 al hecho, anunciando un proyecto de ley que tiene por objeto endurecer las sanciones en contra de quienes se apropien o destruyan monumentos nacionales.<\/p>\n\n\n\n<p>El parlamentario se\u00f1al\u00f3 que, \u201ces imprescindible que nuestra legislaci\u00f3n se actualice en esta materia, no puede salir gratis en este pa\u00eds vandalizar un edificio tan importante como lo es, el Museo de Bellas Artes. Lamentablemente en los \u00faltimos a\u00f1os se ha tornado habitual este tipo de ataques cobardes en contra de nuestra cultura y el patrimonio\u201d.<\/p>\n\n\n\n<p>Carter, adem\u00e1s explic\u00f3 que, \u201ceste proyecto que present\u00e9 y que est\u00e1 en condiciones de ser tramitado, busca aumentar el monto de las multas y tambi\u00e9n incorporar la privaci\u00f3n de libertad dentro de las sanciones que contempla la ley. Basta de benevolencia con quienes se han dedicado a destruir nuestro patrimonio, aquellos que atacan un edificio patrimonial deben recibir fuertes multas, y&nbsp; en casos graves como el ataque al gigante de atacama que la sanci\u00f3n sea incluso&nbsp;privaci\u00f3n&nbsp;de libertad. Nuestra&nbsp;legislaci\u00f3n&nbsp;se tiene que parecer m\u00e1s a la de Per\u00fa respecto al cuidado de nuestro patrimonio, que los peruanos si han sabido&nbsp;imponer\u201d.<\/p>\n\n\n\n<p>\u201cLo que ocurri\u00f3 este jueves en el Museo de Bellas Artes no es nuevo, el vandalismo y los ataques en contra de nuestros monumentos nacionales o edificios hist\u00f3ricos se han tornado peligrosamente habituales y no se puede seguir tolerando. Da pena recorrer las calles de Santiago y ver c\u00f3mo los v\u00e1ndalos se han apropiado a trav\u00e9s de la destrucci\u00f3n de espacios que nos pertenecen a todos\u00bb, concluy\u00f3.&nbsp;<\/p>\n","protected":false},"excerpt":{"rendered":"<p>Luego de conocerse un registro, en donde se observa a dos sujetos rayando el &nbsp;el&nbsp;techo&nbsp;del&nbsp;Museo Nacional de Bellas Artes. El Diputado por el distrito 12, \u00c1lvaro Carter, reaccion\u00f3 al hecho, anunciando un proyecto de ley que tiene por objeto endurecer las sanciones en contra de quienes se apropien o destruyan monumentos nacionales. El parlamentario se\u00f1al\u00f3&#8230;<a class=\"btnReadMore\" href=\"https:\/\/www.semanariolocal.cl\/?p=7537\"> Leer M\u00e1s<\/a><\/p>\n","protected":false},"author":1,"featured_media":7538,"comment_status":"closed","ping_status":"closed","sticky":false,"template":"","format":"standard","meta":{"footnotes":""},"categories":[3,6],"tags":[],"class_list":["post-7537","post","type-post","status-publish","format-standard","has-post-thumbnail","hentry","category-al-dia","category-politica"],"_links":{"self":[{"href":"https:\/\/www.semanariolocal.cl\/index.php?rest_route=\/wp\/v2\/posts\/7537","targetHints":{"allow":["GET"]}}],"collection":[{"href":"https:\/\/www.semanariolocal.cl\/index.php?rest_route=\/wp\/v2\/posts"}],"about":[{"href":"https:\/\/www.semanariolocal.cl\/index.php?rest_route=\/wp\/v2\/types\/post"}],"author":[{"embeddable":true,"href":"https:\/\/www.semanariolocal.cl\/index.php?rest_route=\/wp\/v2\/users\/1"}],"replies":[{"embeddable":true,"href":"https:\/\/www.semanariolocal.cl\/index.php?rest_route=%2Fwp%2Fv2%2Fcomments&post=7537"}],"version-history":[{"count":1,"href":"https:\/\/www.semanariolocal.cl\/index.php?rest_route=\/wp\/v2\/posts\/7537\/revisions"}],"predecessor-version":[{"id":7539,"href":"https:\/\/www.semanariolocal.cl\/index.php?rest_route=\/wp\/v2\/posts\/7537\/revisions\/7539"}],"wp:featuredmedia":[{"embeddable":true,"href":"https:\/\/www.semanariolocal.cl\/index.php?rest_route=\/wp\/v2\/media\/7538"}],"wp:attachment":[{"href":"https:\/\/www.semanariolocal.cl\/index.php?rest_route=%2Fwp%2Fv2%2Fmedia&parent=7537"}],"wp:term":[{"taxonomy":"category","embeddable":true,"href":"https:\/\/www.semanariolocal.cl\/index.php?rest_route=%2Fwp%2Fv2%2Fcategories&post=7537"},{"taxonomy":"post_tag","embeddable":true,"href":"https:\/\/www.semanariolocal.cl\/index.php?rest_route=%2Fwp%2Fv2%2Ftags&post=7537"}],"curies":[{"name":"wp","href":"https:\/\/api.w.org\/{rel}","templated":true}]}}