{"id":7531,"date":"2022-08-12T22:50:03","date_gmt":"2022-08-13T02:50:03","guid":{"rendered":"https:\/\/www.semanariolocal.cl\/?p=7531"},"modified":"2022-08-12T22:50:03","modified_gmt":"2022-08-13T02:50:03","slug":"diputado-manouchehri-el-ministro-jackson-siempre-ha-actuado-con-prescindencia","status":"publish","type":"post","link":"https:\/\/www.semanariolocal.cl\/?p=7531","title":{"rendered":"Diputado Manouchehri: \u201cEl ministro Jackson siempre ha actuado con prescindencia\u201d"},"content":{"rendered":"\n<p>El diputado socialista Daniel Manouchehri respald\u00f3 al ministro Secretario General de la Presidencia, Giorgio Jackson, ante el resultado de la Contralor\u00eda General a la denuncia realizada por diputados de oposici\u00f3n. El oficio solicit\u00f3 investigar posible intervencionismo electoral.<\/p>\n\n\n\n<p>\u201cHe participado en muchas actividades con el ministro Giorgio Jackson y jam\u00e1s lo he visto llamar a votar por ninguna de las alternativas del 4 de septiembre. El ministro Jackson siempre ha actuado con absoluta prescindencia\u201d, indic\u00f3 el legislador de la Regi\u00f3n de Coquimbo.<\/p>\n\n\n\n<p>En la misma l\u00ednea, Manouchehri se\u00f1al\u00f3 que \u201cel acuerdo suscrito es un acuerdo de los partidos pol\u00edticos y de los parlamentarios. Pero incluso si el gobierno quisiese participar de alg\u00fan acuerdo para despu\u00e9s del plebiscito, est\u00e1 en su leg\u00edtimo derecho. Es absurdo negarle el derecho al ministro encargado de las relaciones pol\u00edtico legislativas de participar de un acuerdo pol\u00edtico legislativo de cualquier especie\u201d, destac\u00f3 el parlamentario PS.<\/p>\n","protected":false},"excerpt":{"rendered":"<p>El diputado socialista Daniel Manouchehri respald\u00f3 al ministro Secretario General de la Presidencia, Giorgio Jackson, ante el resultado de la Contralor\u00eda General a la denuncia realizada por diputados de oposici\u00f3n. El oficio solicit\u00f3 investigar posible intervencionismo electoral. \u201cHe participado en muchas actividades con el ministro Giorgio Jackson y jam\u00e1s lo he visto llamar a votar&#8230;<a class=\"btnReadMore\" href=\"https:\/\/www.semanariolocal.cl\/?p=7531\"> Leer M\u00e1s<\/a><\/p>\n","protected":false},"author":1,"featured_media":7532,"comment_status":"closed","ping_status":"closed","sticky":false,"template":"","format":"standard","meta":{"footnotes":""},"categories":[6],"tags":[],"class_list":["post-7531","post","type-post","status-publish","format-standard","has-post-thumbnail","hentry","category-politica"],"_links":{"self":[{"href":"https:\/\/www.semanariolocal.cl\/index.php?rest_route=\/wp\/v2\/posts\/7531","targetHints":{"allow":["GET"]}}],"collection":[{"href":"https:\/\/www.semanariolocal.cl\/index.php?rest_route=\/wp\/v2\/posts"}],"about":[{"href":"https:\/\/www.semanariolocal.cl\/index.php?rest_route=\/wp\/v2\/types\/post"}],"author":[{"embeddable":true,"href":"https:\/\/www.semanariolocal.cl\/index.php?rest_route=\/wp\/v2\/users\/1"}],"replies":[{"embeddable":true,"href":"https:\/\/www.semanariolocal.cl\/index.php?rest_route=%2Fwp%2Fv2%2Fcomments&post=7531"}],"version-history":[{"count":1,"href":"https:\/\/www.semanariolocal.cl\/index.php?rest_route=\/wp\/v2\/posts\/7531\/revisions"}],"predecessor-version":[{"id":7533,"href":"https:\/\/www.semanariolocal.cl\/index.php?rest_route=\/wp\/v2\/posts\/7531\/revisions\/7533"}],"wp:featuredmedia":[{"embeddable":true,"href":"https:\/\/www.semanariolocal.cl\/index.php?rest_route=\/wp\/v2\/media\/7532"}],"wp:attachment":[{"href":"https:\/\/www.semanariolocal.cl\/index.php?rest_route=%2Fwp%2Fv2%2Fmedia&parent=7531"}],"wp:term":[{"taxonomy":"category","embeddable":true,"href":"https:\/\/www.semanariolocal.cl\/index.php?rest_route=%2Fwp%2Fv2%2Fcategories&post=7531"},{"taxonomy":"post_tag","embeddable":true,"href":"https:\/\/www.semanariolocal.cl\/index.php?rest_route=%2Fwp%2Fv2%2Ftags&post=7531"}],"curies":[{"name":"wp","href":"https:\/\/api.w.org\/{rel}","templated":true}]}}