{"id":7528,"date":"2022-08-12T22:46:52","date_gmt":"2022-08-13T02:46:52","guid":{"rendered":"https:\/\/www.semanariolocal.cl\/?p=7528"},"modified":"2022-08-12T22:46:53","modified_gmt":"2022-08-13T02:46:53","slug":"alcalde-carrillo-exige-presencia-del-ministro-de-transporte-en-osorno","status":"publish","type":"post","link":"https:\/\/www.semanariolocal.cl\/?p=7528","title":{"rendered":"Alcalde Carrillo exige presencia del Ministro de transporte en Osorno"},"content":{"rendered":"\n<p>El edil osornino inst\u00f3 al Ministro de Transportes y Telecomunicaciones, Juan Carlos Mu\u00f1oz, para que lidere personalmente las acciones que permitan destrabar a la brevedad el paro de conductores del transporte p\u00fablico mayor en Osorno, \u201cpues aquello afecta directamente a escolares, adultos mayores, trabajadores y trabajadoras\u201d, dijo Carrillo.<\/p>\n\n\n\n<p>La autoridad comunal explic\u00f3 que la paralizaci\u00f3n de los microbuses ha generado una disminuci\u00f3n en la asistencia de alumnos de la educaci\u00f3n municipalizada a sus establecimientos en orden al 30 por ciento, siendo los m\u00e1s afectados la Escuela Claudio Arrau con una inasistencia del 50%, el Liceo Eleuterio Ram\u00edrez con un 45% menos de estudiantes, el Liceo Industrial con un 40%, la Escuela Leonila Folch L\u00f3pez con un 39%, el Instituto Polit\u00e9cnico con un 38% y la Escuela Efra\u00edn Campana Silva con un 35%.<\/p>\n\n\n\n<p>Bajo la competencia municipal, tambi\u00e9n se detect\u00f3 que usuarios de los Cesfam se vieron perjudicados con la movilizaci\u00f3n, toda vez que 236 horas m\u00e9dicas no fueron utilizadas, \u201cpacientes que no llegaron, pues principalmente alud\u00edan no tener movilizaci\u00f3n para trasladarse, lo que nos obliga a reprogramar y mover nuestro sistema de atenci\u00f3n\u201d, explic\u00f3 el jefe edilicio.<\/p>\n\n\n\n<p>El alcalde pronunci\u00f3 estas palabras acompa\u00f1ado por m\u00e1s de cuarenta dirigentes comunitarios que llegaron hasta la casa edilicia osornina a sumarse a este emplazamiento a las autoridades de Gobierno, y para exigirles una soluci\u00f3n a esta problem\u00e1tica social.<\/p>\n\n\n\n<p>En este sentido, el presidente del Comit\u00e9 de Seguridad y Desarrollo de Lynch, Mario Uribe, explic\u00f3 que los comerciantes tambi\u00e9n se han visto perjudicados con esta paralizaci\u00f3n, lo que revive sus angustias, \u201cya que cada vez que empezamos a salir adelante, viene una y otra cosa, y no hemos podido consolidar las ventas\u201d.<\/p>\n\n\n\n<p>Los conductores de microbuses urbanos de Osorno iniciaron la paralizaci\u00f3n indefinida de sus funciones, el martes 9 de agosto, debido a que demandan el reajuste de las tarifas, afectando a los usuarios de este transporte p\u00fablico.<\/p>\n","protected":false},"excerpt":{"rendered":"<p>El edil osornino inst\u00f3 al Ministro de Transportes y Telecomunicaciones, Juan Carlos Mu\u00f1oz, para que lidere personalmente las acciones que permitan destrabar a la brevedad el paro de conductores del transporte p\u00fablico mayor en Osorno, \u201cpues aquello afecta directamente a escolares, adultos mayores, trabajadores y trabajadoras\u201d, dijo Carrillo. La autoridad comunal explic\u00f3 que la paralizaci\u00f3n&#8230;<a class=\"btnReadMore\" href=\"https:\/\/www.semanariolocal.cl\/?p=7528\"> Leer M\u00e1s<\/a><\/p>\n","protected":false},"author":1,"featured_media":7529,"comment_status":"closed","ping_status":"closed","sticky":false,"template":"","format":"standard","meta":{"footnotes":""},"categories":[3],"tags":[],"class_list":["post-7528","post","type-post","status-publish","format-standard","has-post-thumbnail","hentry","category-al-dia"],"_links":{"self":[{"href":"https:\/\/www.semanariolocal.cl\/index.php?rest_route=\/wp\/v2\/posts\/7528","targetHints":{"allow":["GET"]}}],"collection":[{"href":"https:\/\/www.semanariolocal.cl\/index.php?rest_route=\/wp\/v2\/posts"}],"about":[{"href":"https:\/\/www.semanariolocal.cl\/index.php?rest_route=\/wp\/v2\/types\/post"}],"author":[{"embeddable":true,"href":"https:\/\/www.semanariolocal.cl\/index.php?rest_route=\/wp\/v2\/users\/1"}],"replies":[{"embeddable":true,"href":"https:\/\/www.semanariolocal.cl\/index.php?rest_route=%2Fwp%2Fv2%2Fcomments&post=7528"}],"version-history":[{"count":1,"href":"https:\/\/www.semanariolocal.cl\/index.php?rest_route=\/wp\/v2\/posts\/7528\/revisions"}],"predecessor-version":[{"id":7530,"href":"https:\/\/www.semanariolocal.cl\/index.php?rest_route=\/wp\/v2\/posts\/7528\/revisions\/7530"}],"wp:featuredmedia":[{"embeddable":true,"href":"https:\/\/www.semanariolocal.cl\/index.php?rest_route=\/wp\/v2\/media\/7529"}],"wp:attachment":[{"href":"https:\/\/www.semanariolocal.cl\/index.php?rest_route=%2Fwp%2Fv2%2Fmedia&parent=7528"}],"wp:term":[{"taxonomy":"category","embeddable":true,"href":"https:\/\/www.semanariolocal.cl\/index.php?rest_route=%2Fwp%2Fv2%2Fcategories&post=7528"},{"taxonomy":"post_tag","embeddable":true,"href":"https:\/\/www.semanariolocal.cl\/index.php?rest_route=%2Fwp%2Fv2%2Ftags&post=7528"}],"curies":[{"name":"wp","href":"https:\/\/api.w.org\/{rel}","templated":true}]}}