{"id":7079,"date":"2022-07-13T10:15:00","date_gmt":"2022-07-13T14:15:00","guid":{"rendered":"https:\/\/www.semanariolocal.cl\/?p=7079"},"modified":"2022-07-14T10:18:39","modified_gmt":"2022-07-14T14:18:39","slug":"economista-detalla-factores-que-influirian-en-la-necesidad-de-un-bono-invierno","status":"publish","type":"post","link":"https:\/\/www.semanariolocal.cl\/?p=7079","title":{"rendered":"Economista detalla factores que influir\u00edan en la necesidad de un bono invierno"},"content":{"rendered":"\n<p>La comisi\u00f3n de Hacienda de la C\u00e1mara de Diputados comenzar\u00e1 a tramitar la tarde de este martes&nbsp; el proyecto que crea el bono invierno \u00fanico de 120 mil pesos anunciado por el Gobierno, el cual beneficiar\u00eda a alrededor de 7,5 millones de personas.<\/p>\n\n\n\n<p>Para la economista y acad\u00e9mica de la Universidad de Santiago, Marcela Vera, los factores que incidir\u00edan en la necesidad de este bono se relacionan con elementos que afectar\u00e1n la coyuntura econ\u00f3mica nacional en los pr\u00f3ximos meses.<\/p>\n\n\n\n<p>\u201cA nivel general y local, hay una inflaci\u00f3n persistente en nuestro pa\u00eds, que se ha visto acompa\u00f1ada con una serie de anuncios de pol\u00edtica monetaria, que guardan relaci\u00f3n con una alza de tasa que, tambi\u00e9n, ha elevado los costos crediticios\u201d, sostuvo.<\/p>\n\n\n\n<p>A su juicio, lo anterior va acompa\u00f1ado de una eventual recesi\u00f3n, la cual afectar\u00eda no solo a Chile, sino al mundo entero, afectando precios de commodities, como el cobre, y generando presi\u00f3n tanto a nivel local como en las fuentes de ingreso adicionales a las que puede recurrir el Gobierno.<\/p>\n\n\n\n<p>\u201cHay una persistencia al alza del tipo de cambio que a\u00fan no ha afectado sustantivamente los niveles de empleo, pero dado que est\u00e1 disminuyendo la inversi\u00f3n en ciertos sectores estrat\u00e9gicos, es posible prever que esta recesi\u00f3n vendr\u00e1 acompa\u00f1ada de disminuci\u00f3n en el empleo\u201d, advierte.<\/p>\n\n\n\n<p>De acuerdo a la economista, los ingresos en las familias han ca\u00eddo un 1,8% en los \u00faltimos 12 meses, provocando una variaci\u00f3n acumulada de 1,5%.<\/p>\n","protected":false},"excerpt":{"rendered":"<p>La acad\u00e9mica de la Usach, Marcela Vera, advirti\u00f3 que eventuales presiones del tipo de cambio en el empleo y una reducci\u00f3n en los ingresos de las familias en 12 meses inciden en la entrega de este beneficio.<\/p>\n","protected":false},"author":1,"featured_media":7080,"comment_status":"closed","ping_status":"closed","sticky":false,"template":"","format":"standard","meta":{"footnotes":""},"categories":[12],"tags":[],"class_list":["post-7079","post","type-post","status-publish","format-standard","has-post-thumbnail","hentry","category-economia"],"_links":{"self":[{"href":"https:\/\/www.semanariolocal.cl\/index.php?rest_route=\/wp\/v2\/posts\/7079","targetHints":{"allow":["GET"]}}],"collection":[{"href":"https:\/\/www.semanariolocal.cl\/index.php?rest_route=\/wp\/v2\/posts"}],"about":[{"href":"https:\/\/www.semanariolocal.cl\/index.php?rest_route=\/wp\/v2\/types\/post"}],"author":[{"embeddable":true,"href":"https:\/\/www.semanariolocal.cl\/index.php?rest_route=\/wp\/v2\/users\/1"}],"replies":[{"embeddable":true,"href":"https:\/\/www.semanariolocal.cl\/index.php?rest_route=%2Fwp%2Fv2%2Fcomments&post=7079"}],"version-history":[{"count":1,"href":"https:\/\/www.semanariolocal.cl\/index.php?rest_route=\/wp\/v2\/posts\/7079\/revisions"}],"predecessor-version":[{"id":7081,"href":"https:\/\/www.semanariolocal.cl\/index.php?rest_route=\/wp\/v2\/posts\/7079\/revisions\/7081"}],"wp:featuredmedia":[{"embeddable":true,"href":"https:\/\/www.semanariolocal.cl\/index.php?rest_route=\/wp\/v2\/media\/7080"}],"wp:attachment":[{"href":"https:\/\/www.semanariolocal.cl\/index.php?rest_route=%2Fwp%2Fv2%2Fmedia&parent=7079"}],"wp:term":[{"taxonomy":"category","embeddable":true,"href":"https:\/\/www.semanariolocal.cl\/index.php?rest_route=%2Fwp%2Fv2%2Fcategories&post=7079"},{"taxonomy":"post_tag","embeddable":true,"href":"https:\/\/www.semanariolocal.cl\/index.php?rest_route=%2Fwp%2Fv2%2Ftags&post=7079"}],"curies":[{"name":"wp","href":"https:\/\/api.w.org\/{rel}","templated":true}]}}