{"id":7075,"date":"2022-07-13T10:14:30","date_gmt":"2022-07-13T14:14:30","guid":{"rendered":"https:\/\/www.semanariolocal.cl\/?p=7075"},"modified":"2022-07-14T10:19:18","modified_gmt":"2022-07-14T14:19:18","slug":"minvu-y-minagri-potenciaran-construccion-de-viviendas-de-madera","status":"publish","type":"post","link":"https:\/\/www.semanariolocal.cl\/?p=7075","title":{"rendered":"Minvu y Minagri potenciar\u00e1n construcci\u00f3n  de viviendas de madera"},"content":{"rendered":"\n<p>El ministro de Vivienda y Urbanismo, Carlos Montes, junto a su par de Agricultura, Esteban Valenzuela y el gobernador regional del Biob\u00edo, Rodrigo D\u00edaz, sostuvieron este mediod\u00eda una reuni\u00f3n en la que llegaron a un acuerdo para potenciar la construcci\u00f3n de viviendas industrializadas de madera, como una forma de apalancar las metas del Gobierno del Presidente Gabriel Boric establecidas en el Plan de Emergencia Habitacional desarrollado por el Minvu que, entre otras medidas, busca entregar 260 mil viviendas.<\/p>\n\n\n\n<p>Tras el encuentro, en el que participaron tambi\u00e9n representantes del Ministerio de Econom\u00eda, Corfo y del Instituto Forestal de Chile (Infor), el ministro Montes se\u00f1al\u00f3 que \u201cel Minvu necesita producir viviendas r\u00e1pido y buenas viviendas, y a ra\u00edz del entendimiento que hoy estamos gestando hace posible que, por ejemplo, de aqu\u00ed a agosto tengamos la planificaci\u00f3n de mil viviendas en condiciones de ser instaladas en distintos lugares del pa\u00eds, porque necesitamos acuerdos de largo plazo, pero tambi\u00e9n dar respuesta a los problemas de corto plazo, y esto es lo que hemos acordado con los equipos para tratar de empujar estos dos tiempos, estas dos perspectivas\u201d.<\/p>\n\n\n\n<p>Por su parte, el ministro Valenzuela explic\u00f3 que \u201cestamos siguiendo el programa de Gobierno que nos obliga a trabajar en conjunto a todos los ministerios. Junto a Vivienda y Econom\u00eda hemos acordado hoy, gracias a un trabajo que ha venido articulando el Instituto Forestal, perteneciente a Agricultura, de empujar, con el gobierno regional del Biob\u00edo y su gobernador Rodrigo D\u00edaz, un cl\u00faster de f\u00e1bricas para construir casas en madera de calidad. El Infor se ha dedicado por a\u00f1os a la industria de la madera, tiene un laboratorio de maderas estructurales, trabaja en asistencia t\u00e9cnica con los actores y es fundamental para hacer posible una mayor oferta de vivienda de calidad\u201d.<\/p>\n\n\n\n<p>Durante la instancia, se lleg\u00f3 a un acuerdo entre las autoridades para generar un \u201ccl\u00faster\u201d de f\u00e1bricas de viviendas industrializadas de madera, t\u00e9cnica que consiste en que las partes se construyen en serie en una f\u00e1brica para luego ser instaladas en el terreno donde se ejecute el proyecto habitacional, lo que permite disminuir sustancialmente los tiempos de ejecuci\u00f3n as\u00ed como las posibilidades de fallas posteriores al ser procesos repetitivos y estandarizados,&nbsp;aprovechar al m\u00e1ximo los materiales con menos p\u00e9rdidas, ser m\u00e1s sostenible y entregar mejores condiciones a los y las trabajadoras de la construcci\u00f3n, quienes deben permanecer menos tiempo en obra en la intemperie.<\/p>\n\n\n\n<p>Sobre la posibilidad de desarrollar f\u00e1bricas de construcci\u00f3n en madera industrializada en el Biob\u00edo, el gobernador regional, Rodrigo D\u00edaz, destac\u00f3 que \u201csomos la capital maderera del pa\u00eds, por lo tanto, entendemos que si participamos de este consorcio estamos ayudando a diversificar la producci\u00f3n que tenemos, enriquecer nuestra condici\u00f3n de regi\u00f3n industrial de la madera y, por otro lado, estamos contribuyendo a la meta pa\u00eds de atender la emergencia de viviendas que nos ha convocado el Presidente de la Rep\u00fablica y el Ministro de Vivienda\u201d.<\/p>\n\n\n\n<p>El acuerdo al que llegaron las autoridades busca desarrollar un piloto de fabricaci\u00f3n y ejecuci\u00f3n de viviendas industrializadas de madera en el Biob\u00edo, con el objetivo de ampliarlo a las dem\u00e1s regiones del pa\u00eds. Se busca potenciar el uso de la madera por cuanto presenta m\u00faltiples ventajas en t\u00e9rminos de calidad, resistencia, aislaci\u00f3n, durabilidad y tiempos de construcci\u00f3n, as\u00ed como de tratarse de un material m\u00e1s sustentable, ampliamente utilizado en Europa, Canad\u00e1 y Estados Unidos, y que permite aprovechar las condiciones del pa\u00eds en t\u00e9rminos de su producci\u00f3n.<\/p>\n","protected":false},"excerpt":{"rendered":"<p>Los ministros Carlos Montes y Esteban Valenzuela, junto al gobernador regional del Biob\u00edo, Rodrigo D\u00edaz, acordaron desarrollar un piloto de construcci\u00f3n de viviendas industrializadas de madera, como una forma de introducir esta tecnolog\u00eda que acelera los tiempos de ejecuci\u00f3n y que puede ayudar a lograr las metas del Gobierno establecidas en el Plan de Emergencia Habitacional, esto gracias al trabajo que est\u00e1 articulando el Instituto Forestal de Chile (Infor) a trav\u00e9s de su laboratorio de maderas estructurales. <\/p>\n","protected":false},"author":1,"featured_media":7076,"comment_status":"closed","ping_status":"closed","sticky":false,"template":"","format":"standard","meta":{"footnotes":""},"categories":[3],"tags":[],"class_list":["post-7075","post","type-post","status-publish","format-standard","has-post-thumbnail","hentry","category-al-dia"],"_links":{"self":[{"href":"https:\/\/www.semanariolocal.cl\/index.php?rest_route=\/wp\/v2\/posts\/7075","targetHints":{"allow":["GET"]}}],"collection":[{"href":"https:\/\/www.semanariolocal.cl\/index.php?rest_route=\/wp\/v2\/posts"}],"about":[{"href":"https:\/\/www.semanariolocal.cl\/index.php?rest_route=\/wp\/v2\/types\/post"}],"author":[{"embeddable":true,"href":"https:\/\/www.semanariolocal.cl\/index.php?rest_route=\/wp\/v2\/users\/1"}],"replies":[{"embeddable":true,"href":"https:\/\/www.semanariolocal.cl\/index.php?rest_route=%2Fwp%2Fv2%2Fcomments&post=7075"}],"version-history":[{"count":1,"href":"https:\/\/www.semanariolocal.cl\/index.php?rest_route=\/wp\/v2\/posts\/7075\/revisions"}],"predecessor-version":[{"id":7077,"href":"https:\/\/www.semanariolocal.cl\/index.php?rest_route=\/wp\/v2\/posts\/7075\/revisions\/7077"}],"wp:featuredmedia":[{"embeddable":true,"href":"https:\/\/www.semanariolocal.cl\/index.php?rest_route=\/wp\/v2\/media\/7076"}],"wp:attachment":[{"href":"https:\/\/www.semanariolocal.cl\/index.php?rest_route=%2Fwp%2Fv2%2Fmedia&parent=7075"}],"wp:term":[{"taxonomy":"category","embeddable":true,"href":"https:\/\/www.semanariolocal.cl\/index.php?rest_route=%2Fwp%2Fv2%2Fcategories&post=7075"},{"taxonomy":"post_tag","embeddable":true,"href":"https:\/\/www.semanariolocal.cl\/index.php?rest_route=%2Fwp%2Fv2%2Ftags&post=7075"}],"curies":[{"name":"wp","href":"https:\/\/api.w.org\/{rel}","templated":true}]}}