{"id":7059,"date":"2022-07-13T12:39:29","date_gmt":"2022-07-13T16:39:29","guid":{"rendered":"https:\/\/www.semanariolocal.cl\/?p=7059"},"modified":"2022-07-13T12:39:34","modified_gmt":"2022-07-13T16:39:34","slug":"autoridad-de-energia-visita-planta-de-pellets-para-monitorear-abastecimiento-en-la-zona","status":"publish","type":"post","link":"https:\/\/www.semanariolocal.cl\/?p=7059","title":{"rendered":"Autoridad de Energ\u00eda visita planta de pellets para monitorear abastecimiento en la zona"},"content":{"rendered":"\n<p>Hasta la planta Albo Pellets, ubicada en la zona, se traslad\u00f3 la seremi de Energ\u00eda de Los Lagos, Liliana Alarc\u00f3n, junto a su equipo de trabajo para monitorear el abastecimiento de este combustible en la regi\u00f3n de Los Lagos.<\/p>\n\n\n\n<p>Esta iniciativa se da tras el anuncio de la Asociaci\u00f3n Chilena de Biomasa (ACHBIOM) sobre la falta de materia prima en la producci\u00f3n de pellet, lo que se tradujo en una disponibilidad limitada del producto en la zona centro sur.<\/p>\n\n\n\n<p>\u201cVisitamos una planta productora de pellet para conocer la situaci\u00f3n actual de abastecimiento. Como Ministerio de Energ\u00eda, estamos monitoreando para regularizar la situaci\u00f3n en las pr\u00f3ximas semanas. Reiteramos el llamado a la responsabilidad, a la calma y al no acaparamiento. Tambi\u00e9n a denunciar situaciones de acaparamiento o sobreprecios en el SERNAC y la Fiscal\u00eda Nacional Econ\u00f3mica\u201d, sostuvo la seremi de Energ\u00eda.<\/p>\n\n\n\n<p>Adem\u00e1s, record\u00f3 que en la actualidad el Ministerio de Energ\u00eda no tiene facultades ni atribuciones, ya que el mercado del pellet no est\u00e1 regulado. En ese sentido, es importante la Ley de Biocombustibles S\u00f3lidos que permitir\u00e1 fiscalizar este combustible, a trav\u00e9s de la Superintendencia de Electricidad y Combustibles (SEC).<\/p>\n\n\n\n<p>La autoridad destac\u00f3 que el 8% de las viviendas urbanas consumen pellet en la regi\u00f3n de Los Lagos, a un promedio de 1.583 kilos anualmente, seg\u00fan el informe elaborado por el Instituto Forestal (INFOR).<\/p>\n\n\n\n<p>Por \u00faltimo, el precio del pellet fluct\u00faa entre los $3.700 a los $4.990 en locales establecidos, dependiendo de la marca y la cantidad de Kg, ya que existen en el mercado bolsas que van desde los 15 a los 20 kilogramos.<\/p>\n","protected":false},"excerpt":{"rendered":"<p>La seremi de Energ\u00eda de Los Lagos, Liliana Alarc\u00f3n, resalt\u00f3 el trabajo del Ministerio para regularizar la situaci\u00f3n actual en las pr\u00f3ximas semanas. El 8 % de las viviendas urbanas consumen este combustible en la regi\u00f3n de Los lagos, seg\u00fan cifras del Instituto Forestal.<\/p>\n","protected":false},"author":1,"featured_media":7060,"comment_status":"closed","ping_status":"closed","sticky":false,"template":"","format":"standard","meta":{"footnotes":""},"categories":[3],"tags":[],"class_list":["post-7059","post","type-post","status-publish","format-standard","has-post-thumbnail","hentry","category-al-dia"],"_links":{"self":[{"href":"https:\/\/www.semanariolocal.cl\/index.php?rest_route=\/wp\/v2\/posts\/7059","targetHints":{"allow":["GET"]}}],"collection":[{"href":"https:\/\/www.semanariolocal.cl\/index.php?rest_route=\/wp\/v2\/posts"}],"about":[{"href":"https:\/\/www.semanariolocal.cl\/index.php?rest_route=\/wp\/v2\/types\/post"}],"author":[{"embeddable":true,"href":"https:\/\/www.semanariolocal.cl\/index.php?rest_route=\/wp\/v2\/users\/1"}],"replies":[{"embeddable":true,"href":"https:\/\/www.semanariolocal.cl\/index.php?rest_route=%2Fwp%2Fv2%2Fcomments&post=7059"}],"version-history":[{"count":1,"href":"https:\/\/www.semanariolocal.cl\/index.php?rest_route=\/wp\/v2\/posts\/7059\/revisions"}],"predecessor-version":[{"id":7061,"href":"https:\/\/www.semanariolocal.cl\/index.php?rest_route=\/wp\/v2\/posts\/7059\/revisions\/7061"}],"wp:featuredmedia":[{"embeddable":true,"href":"https:\/\/www.semanariolocal.cl\/index.php?rest_route=\/wp\/v2\/media\/7060"}],"wp:attachment":[{"href":"https:\/\/www.semanariolocal.cl\/index.php?rest_route=%2Fwp%2Fv2%2Fmedia&parent=7059"}],"wp:term":[{"taxonomy":"category","embeddable":true,"href":"https:\/\/www.semanariolocal.cl\/index.php?rest_route=%2Fwp%2Fv2%2Fcategories&post=7059"},{"taxonomy":"post_tag","embeddable":true,"href":"https:\/\/www.semanariolocal.cl\/index.php?rest_route=%2Fwp%2Fv2%2Ftags&post=7059"}],"curies":[{"name":"wp","href":"https:\/\/api.w.org\/{rel}","templated":true}]}}