{"id":7051,"date":"2022-07-08T07:00:00","date_gmt":"2022-07-08T11:00:00","guid":{"rendered":"https:\/\/www.semanariolocal.cl\/?p=7051"},"modified":"2022-07-09T15:59:55","modified_gmt":"2022-07-09T19:59:55","slug":"manuel-ballesteros-el-nuevo-presidente-regional-del-ps","status":"publish","type":"post","link":"https:\/\/www.semanariolocal.cl\/?p=7051","title":{"rendered":"Manuel Ballesteros, el nuevo presidente regional del PS"},"content":{"rendered":"\n<p>Manuel Ballesteros Curumilla, quien lider\u00f3 con m\u00e1s de 800 votos la lista \u201cUn socialismo para los nuevos tiempos \u201c fue electo como presidente del Partido Socialista por la Regi\u00f3n de Los Lagos, tras el apoyo de gran parte de los miembros de la mesa directiva el pasado viernes.<\/p>\n\n\n\n<p>Ballesteros agradeci\u00f3 a los militantes que lo respaldaron y nuevamente le dieron la oportunidad de ejercer el cargo. \u201cEstoy muy orgulloso de liderar este desaf\u00edo y&nbsp; feliz por la amplia votaci\u00f3n que obtuve en el mes de mayo en las \u00faltimas elecciones del PS en nuestra querida Regi\u00f3n\u201d, explic\u00f3.<\/p>\n\n\n\n<p>El nuevo presidente del PS expres\u00f3 que se vienen muchos retos en&nbsp; las 30 comunas de Los Lagos. \u201cPrimero debemos trabajar por la campa\u00f1a del Apruebo, para que Chile tenga una nueva Constituci\u00f3n, que vele por los derechos fundamentales de todos\/as nuestros\/as compa\u00f1eros\/as\u201d, argument\u00f3.<\/p>\n\n\n\n<p>En la misma l\u00ednea, agreg\u00f3 que \u201ces nuestro deber respaldaremos de forma irrestricta al Presidente de la Rep\u00fablica, Gabriel Boric Font, en su gesti\u00f3n a todo su gabinete\u201d, al igual dijo que \u201cla ciudadan\u00eda espera mucho de este Gobierno, como por ejemplo, un&nbsp; nuevo Ife, combatir la delincuencia y la Reforma Tributaria, lo cual apoyaremos como socialistas como lo hemos efectuado desde 1933\u201d.&nbsp;<\/p>\n\n\n\n<p>El ex Core, dio las gracias a la constituci\u00f3n de la mesa por respetar la primera mayor\u00eda obtenida en mayo de este a\u00f1o. \u201cTenemos una directiva regional con todas las ganas de trabajar y apoyar a nuestros concejales, alcaldes, consejeros regionales y parlamentarios PS. Queremos actuar mancomunadamente con ellos, para sacar adelante grandes proyectos que beneficien a nuestra ciudadan\u00eda\u201d, finaliz\u00f3.&nbsp;&nbsp;<\/p>\n","protected":false},"excerpt":{"rendered":"<p>Manuel Ballesteros Curumilla, quien lider\u00f3 con m\u00e1s de 800 votos la lista \u201cUn socialismo para los nuevos tiempos \u201c fue electo como presidente del Partido Socialista por la Regi\u00f3n de Los Lagos, tras el apoyo de gran parte de los miembros de la mesa directiva el pasado viernes. Ballesteros agradeci\u00f3 a los militantes que lo&#8230;<a class=\"btnReadMore\" href=\"https:\/\/www.semanariolocal.cl\/?p=7051\"> Leer M\u00e1s<\/a><\/p>\n","protected":false},"author":1,"featured_media":7052,"comment_status":"closed","ping_status":"closed","sticky":false,"template":"","format":"standard","meta":{"footnotes":""},"categories":[3],"tags":[],"class_list":["post-7051","post","type-post","status-publish","format-standard","has-post-thumbnail","hentry","category-al-dia"],"_links":{"self":[{"href":"https:\/\/www.semanariolocal.cl\/index.php?rest_route=\/wp\/v2\/posts\/7051","targetHints":{"allow":["GET"]}}],"collection":[{"href":"https:\/\/www.semanariolocal.cl\/index.php?rest_route=\/wp\/v2\/posts"}],"about":[{"href":"https:\/\/www.semanariolocal.cl\/index.php?rest_route=\/wp\/v2\/types\/post"}],"author":[{"embeddable":true,"href":"https:\/\/www.semanariolocal.cl\/index.php?rest_route=\/wp\/v2\/users\/1"}],"replies":[{"embeddable":true,"href":"https:\/\/www.semanariolocal.cl\/index.php?rest_route=%2Fwp%2Fv2%2Fcomments&post=7051"}],"version-history":[{"count":1,"href":"https:\/\/www.semanariolocal.cl\/index.php?rest_route=\/wp\/v2\/posts\/7051\/revisions"}],"predecessor-version":[{"id":7053,"href":"https:\/\/www.semanariolocal.cl\/index.php?rest_route=\/wp\/v2\/posts\/7051\/revisions\/7053"}],"wp:featuredmedia":[{"embeddable":true,"href":"https:\/\/www.semanariolocal.cl\/index.php?rest_route=\/wp\/v2\/media\/7052"}],"wp:attachment":[{"href":"https:\/\/www.semanariolocal.cl\/index.php?rest_route=%2Fwp%2Fv2%2Fmedia&parent=7051"}],"wp:term":[{"taxonomy":"category","embeddable":true,"href":"https:\/\/www.semanariolocal.cl\/index.php?rest_route=%2Fwp%2Fv2%2Fcategories&post=7051"},{"taxonomy":"post_tag","embeddable":true,"href":"https:\/\/www.semanariolocal.cl\/index.php?rest_route=%2Fwp%2Fv2%2Ftags&post=7051"}],"curies":[{"name":"wp","href":"https:\/\/api.w.org\/{rel}","templated":true}]}}