{"id":7001,"date":"2022-07-09T09:45:00","date_gmt":"2022-07-09T13:45:00","guid":{"rendered":"https:\/\/www.semanariolocal.cl\/?p=7001"},"modified":"2022-07-09T15:00:02","modified_gmt":"2022-07-09T19:00:02","slug":"municipalidad-de-puerto-octay-firma-escritura-que-traspasa-terrenos-a-dos-comites-de-viviendas","status":"publish","type":"post","link":"https:\/\/www.semanariolocal.cl\/?p=7001","title":{"rendered":"Municipalidad de Puerto Octay  traspasa terrenos a Comit\u00e9s de Viviendas"},"content":{"rendered":"\n<p>El alcalde Gerardo Gunckel; el Presidente Comit\u00e9 Esperanza, Santiago Inalef, y el Presidente del Comit\u00e9 Esperanza 2, Jos\u00e9 Godoy, se reunieron en la notar\u00eda para realizar la firma de la escritura que traspasa los terrenos municipales a dos comit\u00e9s de vivienda, en el que est\u00e1n inscritos un total de 237 familias.<\/p>\n\n\n\n<p>En dicha instancia, el alcalde Gerardo Gunckel, consider\u00f3 este evento como uno de los m\u00e1s importantes que ha vivido desde que asumi\u00f3 su administraci\u00f3n, ya que fue un proceso largo, pero que se ha hecho con entusiasmo y responsabilidad. \u201c<strong>En un paso esperado por nuestra gente, y hoy d\u00eda lo estamos concretando gracias al trabajo colaborativo de ellos, la Oficina de la Vivienda, y el Concejo Municipal, que estuvo siempre disponible a entregar este terreno a la comunidad<\/strong>\u201d, destac\u00f3.<\/p>\n\n\n\n<p>De esta manera, el jefe comunal a\u00f1adi\u00f3 que a\u00fan queda un largo proceso para la obtenci\u00f3n de la vivienda, el que seguir\u00e1n apoyado desde la municipalidad, con el objetivo de que los integrantes de los comit\u00e9s hagan realidad su sue\u00f1o de la casa propia.<\/p>\n\n\n\n<p>En el encuentro el Presidente del Comit\u00e9 Esperanza 2, Jos\u00e9 Godoy, se mostr\u00f3 contento con este hecho, y agradeci\u00f3 al alcalde su gesti\u00f3n. \u201cNunca dud\u00e9 de lo que \u00e9l me prometi\u00f3 que el terreno se iba a traspasar. Quiero felicitar al Comit\u00e9 Esperanza 2, donde est\u00e1 incluidos Renacer, que est\u00e9n tranquilos, que se va a trabajar hasta que se cumpla el anhelado sue\u00f1o de la casa propia\u201d, indic\u00f3.<\/p>\n\n\n\n<p>Por otro lado, el Presidente del Comit\u00e9 Esperanza, Santiago Inalef. destac\u00f3 la labor en equipo que realiz\u00f3 la comunidad, se\u00f1alando que \u201ces muy gratificante y reconfortante saber que todo el trabajo en conjunto que hemos hecho como directiva, socios y municipios, ha llegado a una de sus partes que es la donaci\u00f3n de los terrenos, que ya est\u00e1 a nuestro nombre\u201d-<\/p>\n\n\n\n<p>En tanto, la encargada de la Oficina de la Vivienda, Patricia \u00c1lvarez, se mostr\u00f3 orgullosa del trabajo realizado, y agradeci\u00f3 al Alcalde por haberla hecho parte de este tema, por lo que agreg\u00f3 \u201choy se cumple la promesa de los traspasos de terrenos, que es algo importante para postular al subsidio habitacional\u201d.&nbsp;<\/p>\n","protected":false},"excerpt":{"rendered":"<p>\u2022\tUn total de 237 familias se ver\u00e1n beneficiadas con esta iniciativa, que fue apoyada por el alcalde Gerardo Gunckel, concejales, y la Oficina de la Vivienda.  <\/p>\n","protected":false},"author":1,"featured_media":7002,"comment_status":"closed","ping_status":"closed","sticky":false,"template":"","format":"standard","meta":{"footnotes":""},"categories":[8],"tags":[],"class_list":["post-7001","post","type-post","status-publish","format-standard","has-post-thumbnail","hentry","category-comunas"],"_links":{"self":[{"href":"https:\/\/www.semanariolocal.cl\/index.php?rest_route=\/wp\/v2\/posts\/7001","targetHints":{"allow":["GET"]}}],"collection":[{"href":"https:\/\/www.semanariolocal.cl\/index.php?rest_route=\/wp\/v2\/posts"}],"about":[{"href":"https:\/\/www.semanariolocal.cl\/index.php?rest_route=\/wp\/v2\/types\/post"}],"author":[{"embeddable":true,"href":"https:\/\/www.semanariolocal.cl\/index.php?rest_route=\/wp\/v2\/users\/1"}],"replies":[{"embeddable":true,"href":"https:\/\/www.semanariolocal.cl\/index.php?rest_route=%2Fwp%2Fv2%2Fcomments&post=7001"}],"version-history":[{"count":3,"href":"https:\/\/www.semanariolocal.cl\/index.php?rest_route=\/wp\/v2\/posts\/7001\/revisions"}],"predecessor-version":[{"id":7032,"href":"https:\/\/www.semanariolocal.cl\/index.php?rest_route=\/wp\/v2\/posts\/7001\/revisions\/7032"}],"wp:featuredmedia":[{"embeddable":true,"href":"https:\/\/www.semanariolocal.cl\/index.php?rest_route=\/wp\/v2\/media\/7002"}],"wp:attachment":[{"href":"https:\/\/www.semanariolocal.cl\/index.php?rest_route=%2Fwp%2Fv2%2Fmedia&parent=7001"}],"wp:term":[{"taxonomy":"category","embeddable":true,"href":"https:\/\/www.semanariolocal.cl\/index.php?rest_route=%2Fwp%2Fv2%2Fcategories&post=7001"},{"taxonomy":"post_tag","embeddable":true,"href":"https:\/\/www.semanariolocal.cl\/index.php?rest_route=%2Fwp%2Fv2%2Ftags&post=7001"}],"curies":[{"name":"wp","href":"https:\/\/api.w.org\/{rel}","templated":true}]}}