{"id":6724,"date":"2022-06-24T18:34:00","date_gmt":"2022-06-24T22:34:00","guid":{"rendered":"https:\/\/www.semanariolocal.cl\/?p=6724"},"modified":"2022-06-24T18:55:11","modified_gmt":"2022-06-24T22:55:11","slug":"municipio-de-osorno-ingreso-busca-declarar-humedal-urbano-superficie-de-ovejeria","status":"publish","type":"post","link":"https:\/\/www.semanariolocal.cl\/?p=6724","title":{"rendered":"Municipio de Osorno ingres\u00f3 busca declarar humedal urbano superficie de Ovejer\u00eda"},"content":{"rendered":"\n<p class=\"wp-block-paragraph\">El municipio de Osorno ingres\u00f3 el mi\u00e9rcoles 22 de junio, a la Serem\u00eda de Medio Ambiente, la solicitud de declaratoria del sistema de humedales Ovejer\u00eda, con lo cual la entidad gubernamental tiene seis meses para efectuar el an\u00e1lisis detallado de los antecedentes y reconocer, o no, dichos terrenos como una zona natural protegida.&nbsp;&nbsp;&nbsp;<\/p>\n\n\n\n<p class=\"wp-block-paragraph\">As\u00ed lo manifest\u00f3 el profesional del Departamento de Medio Ambiente, Sixto Salazar, quien explic\u00f3 que esta decisi\u00f3n viene a validar el trabajo liderado por el municipio osornino en cuanto preparar los antecedentes tendientes a proteger los ecosistemas urbanos, <strong><em>\u201cy en este caso aquel ubicado en el sector de Ovejer\u00eda, en la zona sur del l\u00edmite urbano de Osorno, en total de 16,3 hect\u00e1reas de superficie a preservar\u201d.<\/em><\/strong><\/p>\n\n\n\n<p class=\"wp-block-paragraph\">Al respecto, el alcalde Emeterio Carrillo manifest\u00f3 que las materias relativas a la protecci\u00f3n del medio ambiente son una prioridad para la gesti\u00f3n edilicia que le corresponde liderar, <strong><em>\u201cde all\u00ed la necesidad de proteger los humedales urbanos, <\/em><\/strong><strong><em>seg\u00fan nos ampara la legislaci\u00f3n\u201d.<\/em><\/strong><\/p>\n\n\n\n<p class=\"wp-block-paragraph\"><strong>DESCRIPCI\u00d3N DE LA SOLICITUD<\/strong><\/p>\n\n\n\n<p class=\"wp-block-paragraph\">El Sistema de Humedales de Ovejer\u00eda es un ecosistema que se emplaza en el sector sur del \u00e1rea urbana de la ciudad, y est\u00e1 compuesto por ocho pol\u00edgonos que presentan uno o m\u00e1s de los tres criterios legales definidos por la Ley de Humedales Urbanos N\u00b021.202, lo que significa vegetaci\u00f3n hidr\u00f3fita, suelos carentes de drenaje y zonas de saturaci\u00f3n permanente o temporales. Genera un ecosistema de car\u00e1cter transitorio para avifauna y permanente para otras especies animales, considerando una superficie de 16,3 ha. Cabe subdividir esto respecto a las \u00e1reas que presentan espejos de agua, aquellas que corresponden a zonas de anegamiento regular, la que son parte de la red de drenaje y la presencia de distintas especies de vegetaci\u00f3n consideradas como hidr\u00f3fita.<\/p>\n\n\n\n<p class=\"wp-block-paragraph\">Tal como describe la cartograf\u00eda anterior este humedal conecta de forma directa, en cuatro sectores, con el Estero de Ovejer\u00eda, el cual corresponde a uno de los principales corredores biol\u00f3gicos del \u00e1rea urbana de Osorno, junto a los r\u00edos Rahue y Damas. Cabe mencionar que este Sistema de Humedales se caracteriza por ser de car\u00e1cter fluvial y palustre, (ED\u00c1FICA, 2020) destacan aquellas zonas de inundaci\u00f3n consideradas formaciones de humedales de tipo emergente estacionales, fluviales y palustres. Cabe mencionar que la conexi\u00f3n h\u00eddrica, ecosist\u00e9mica y las condiciones del relieve permiten la conectividad de este sistema h\u00eddrico-vegetacional, las cuales son parte del hogar de especies nativas del patrimonio natural local.&nbsp;<\/p>\n\n\n\n<p class=\"wp-block-paragraph\">La conectividad principal del sistema h\u00eddrico de este humedal, hacia la subcuenca del r\u00edo Rahue, se da por medio del estero Ovejer\u00eda, el cual se ve alimentado de estos humedales, y que hoy presentan altos niveles de contaminaci\u00f3n. El ecosistema h\u00eddrico est\u00e1 compuesto por diversos cuerpos de agua y zonas de vegetaci\u00f3n hidr\u00f3fita que conectan espacios potenciales para la conservaci\u00f3n de aves, anfibios, reptiles, roedores y mam\u00edferos en el sector. El relieve est\u00e1 marcado fuertemente por el estero Ovejer\u00eda el cual corresponde a un paleocanal y que en su formaci\u00f3n geomorfol\u00f3gica est\u00e1 marcado por sedimentos consolidados de origen glacio-fluvial, adem\u00e1s de dep\u00f3sitos fluviales antiguos, los cuales corresponden a sedimentos de la edad cuaternaria.<\/p>\n","protected":false},"excerpt":{"rendered":"<p>El municipio de Osorno ingres\u00f3 el mi\u00e9rcoles 22 de junio, a la Serem\u00eda de Medio Ambiente, la solicitud de declaratoria del sistema de humedales Ovejer\u00eda, con lo cual la entidad gubernamental tiene seis meses para efectuar el an\u00e1lisis detallado de los antecedentes y reconocer, o no, dichos terrenos como una zona natural protegida.&nbsp;&nbsp;&nbsp; As\u00ed lo&#8230;<a class=\"btnReadMore\" href=\"https:\/\/www.semanariolocal.cl\/?p=6724\"> Leer M\u00e1s<\/a><\/p>\n","protected":false},"author":1,"featured_media":6725,"comment_status":"closed","ping_status":"closed","sticky":false,"template":"","format":"standard","meta":{"footnotes":""},"categories":[3],"tags":[],"class_list":["post-6724","post","type-post","status-publish","format-standard","has-post-thumbnail","hentry","category-al-dia"],"_links":{"self":[{"href":"https:\/\/www.semanariolocal.cl\/index.php?rest_route=\/wp\/v2\/posts\/6724","targetHints":{"allow":["GET"]}}],"collection":[{"href":"https:\/\/www.semanariolocal.cl\/index.php?rest_route=\/wp\/v2\/posts"}],"about":[{"href":"https:\/\/www.semanariolocal.cl\/index.php?rest_route=\/wp\/v2\/types\/post"}],"author":[{"embeddable":true,"href":"https:\/\/www.semanariolocal.cl\/index.php?rest_route=\/wp\/v2\/users\/1"}],"replies":[{"embeddable":true,"href":"https:\/\/www.semanariolocal.cl\/index.php?rest_route=%2Fwp%2Fv2%2Fcomments&post=6724"}],"version-history":[{"count":1,"href":"https:\/\/www.semanariolocal.cl\/index.php?rest_route=\/wp\/v2\/posts\/6724\/revisions"}],"predecessor-version":[{"id":6726,"href":"https:\/\/www.semanariolocal.cl\/index.php?rest_route=\/wp\/v2\/posts\/6724\/revisions\/6726"}],"wp:featuredmedia":[{"embeddable":true,"href":"https:\/\/www.semanariolocal.cl\/index.php?rest_route=\/wp\/v2\/media\/6725"}],"wp:attachment":[{"href":"https:\/\/www.semanariolocal.cl\/index.php?rest_route=%2Fwp%2Fv2%2Fmedia&parent=6724"}],"wp:term":[{"taxonomy":"category","embeddable":true,"href":"https:\/\/www.semanariolocal.cl\/index.php?rest_route=%2Fwp%2Fv2%2Fcategories&post=6724"},{"taxonomy":"post_tag","embeddable":true,"href":"https:\/\/www.semanariolocal.cl\/index.php?rest_route=%2Fwp%2Fv2%2Ftags&post=6724"}],"curies":[{"name":"wp","href":"https:\/\/api.w.org\/{rel}","templated":true}]}}