{"id":6721,"date":"2022-06-24T18:44:23","date_gmt":"2022-06-24T22:44:23","guid":{"rendered":"https:\/\/www.semanariolocal.cl\/?p=6721"},"modified":"2022-06-24T18:44:23","modified_gmt":"2022-06-24T22:44:23","slug":"mindep-ind-lanzo-en-osorno-talleres-del-programa-crecer-en-movimiento","status":"publish","type":"post","link":"https:\/\/www.semanariolocal.cl\/?p=6721","title":{"rendered":"Mindep IND lanz\u00f3 en Osorno talleres del programa \u201cCrecer en Movimiento\u201d"},"content":{"rendered":"\n<p class=\"wp-block-paragraph\">Con la participaci\u00f3n de m\u00e1s de ciento veinte ni\u00f1os, ni\u00f1as y j\u00f3venes de Osorno se realiz\u00f3 un encuentro deportivo en los gimnasios de la Universidad de Los Lagos, como parte del Lanzamiento de los talleres del programa \u201cCrecer en Movimiento\u201d de Mindep IND.<\/p>\n\n\n\n<p class=\"wp-block-paragraph\">La actividad cont\u00f3 con la presencia de la Seremi del Deporte, Carolina Urrutia Soto junto al Jefe de Deportes de la Universidad de Los Lagos, Ra\u00fal Acosta y al Jefe del Departamento de Deportes de la Municipalidad de Osorno, Cristian L\u00f3pez.<\/p>\n\n\n\n<p class=\"wp-block-paragraph\">En el lugar se desarrollaron diversos bloques deportivos, tales como una muestra de Taekwondo, baile entretenido, juegos inflables, circuitos de motricidad y un Campeonato de Levantamiento de Pesas.<\/p>\n\n\n\n<p class=\"wp-block-paragraph\">La autoridad regional del deporte, Carolina Urrutia Soto, destac\u00f3 esta jornada, mencionando que \u201cesta instancia motiv\u00f3 la participaci\u00f3n de menores en actividades f\u00edsicas y deportivas, con el objetivo de brindar un momento de esparcimiento din\u00e1mico y entretenido y un punto de encuentro, entre compa\u00f1eros y amigos, como una forma de reencuentro, fue un momento muy enriquecedor, ver a los ni\u00f1os practicando deportes en formaci\u00f3n, bajo este programa \u201cCrecer en Movimiento\u201d, que ayuda bastante a su desarrollo y a la comunidad en general, por lo cual, estoy muy contenta de ver los avances que ellos van teniendo al integrar estos talleres\u201d.<\/p>\n\n\n\n<p class=\"wp-block-paragraph\">Por su parte, el Jefe de Deportes de la Universidad de Los Lagos y acad\u00e9mico del Departamento de Ciencias de la Actividad F\u00edsica, Ra\u00fal Acosta, dijo que \u201ces una hermosa actividad, nos alegra retomar esa tradici\u00f3n de trabajo en conjunto con el IND, creo que es muy importante y estamos contentos como universidad p\u00fablica, como Departamento de Ciencias de la Actividad F\u00edsica y como programa de deportes, el poder desarrollar estas actividades con la comunidad y en conjunto con el IND, ya que esto nos facilita a cumplir nuestro rol, creo que la llegada de los ni\u00f1os, el que ellos reconozcan estos espacios como suyos y como una opci\u00f3n a futuro, que ellos lleguen a la educaci\u00f3n superior practicando actividades f\u00edsicas y deportivas, me parece fundamental, adem\u00e1s de todo lo que se logra en la formaci\u00f3n de las personas, que tiene que ver con el desarrollo de valores que est\u00e1n asociados al deporte y que nuestra sociedad tanto necesita\u201d.<\/p>\n\n\n\n<p class=\"wp-block-paragraph\">En tanto, Jefe del Departamento de Deportes de la Municipalidad de Osorno, Cristi\u00e1n L\u00f3pez, se\u00f1al\u00f3 que \u201cme pareci\u00f3 un encuentro maravilloso porque aparte de destacar la formaci\u00f3n, que es la base de toda actividad deportiva, es fundamental la inclusi\u00f3n, muchos de los menores necesitan hacer actividad f\u00edsica y no podemos dejarlos fuera de este tipo de eventos\u201d.<\/p>\n\n\n\n<p class=\"wp-block-paragraph\">Carlos Ma\u00f1ao, asistente del evento, precis\u00f3 que \u201cesta actividad estuvo muy entretenida, los ni\u00f1os se ve\u00edan muy entusiasmados y vinieron con ganas de aprender y pasarlo bien con las diferentes disciplinas, pero en especial con el Taekwondo\u201d.<\/p>\n","protected":false},"excerpt":{"rendered":"<p>La jornada convoc\u00f3 a participantes, entre 04 y 18 a\u00f1os, de la comuna de Osorno que asisten a los talleres de los componentes \u201cJugar y Aprender\u201d, \u201cDel Juego al Deporte\u201d y \u201cElecci\u00f3n Deportiva\u201d.<\/p>\n","protected":false},"author":1,"featured_media":6722,"comment_status":"closed","ping_status":"closed","sticky":false,"template":"","format":"standard","meta":{"footnotes":""},"categories":[3],"tags":[],"class_list":["post-6721","post","type-post","status-publish","format-standard","has-post-thumbnail","hentry","category-al-dia"],"_links":{"self":[{"href":"https:\/\/www.semanariolocal.cl\/index.php?rest_route=\/wp\/v2\/posts\/6721","targetHints":{"allow":["GET"]}}],"collection":[{"href":"https:\/\/www.semanariolocal.cl\/index.php?rest_route=\/wp\/v2\/posts"}],"about":[{"href":"https:\/\/www.semanariolocal.cl\/index.php?rest_route=\/wp\/v2\/types\/post"}],"author":[{"embeddable":true,"href":"https:\/\/www.semanariolocal.cl\/index.php?rest_route=\/wp\/v2\/users\/1"}],"replies":[{"embeddable":true,"href":"https:\/\/www.semanariolocal.cl\/index.php?rest_route=%2Fwp%2Fv2%2Fcomments&post=6721"}],"version-history":[{"count":1,"href":"https:\/\/www.semanariolocal.cl\/index.php?rest_route=\/wp\/v2\/posts\/6721\/revisions"}],"predecessor-version":[{"id":6723,"href":"https:\/\/www.semanariolocal.cl\/index.php?rest_route=\/wp\/v2\/posts\/6721\/revisions\/6723"}],"wp:featuredmedia":[{"embeddable":true,"href":"https:\/\/www.semanariolocal.cl\/index.php?rest_route=\/wp\/v2\/media\/6722"}],"wp:attachment":[{"href":"https:\/\/www.semanariolocal.cl\/index.php?rest_route=%2Fwp%2Fv2%2Fmedia&parent=6721"}],"wp:term":[{"taxonomy":"category","embeddable":true,"href":"https:\/\/www.semanariolocal.cl\/index.php?rest_route=%2Fwp%2Fv2%2Fcategories&post=6721"},{"taxonomy":"post_tag","embeddable":true,"href":"https:\/\/www.semanariolocal.cl\/index.php?rest_route=%2Fwp%2Fv2%2Ftags&post=6721"}],"curies":[{"name":"wp","href":"https:\/\/api.w.org\/{rel}","templated":true}]}}