{"id":6676,"date":"2022-06-21T08:05:00","date_gmt":"2022-06-21T12:05:00","guid":{"rendered":"https:\/\/www.semanariolocal.cl\/?p=6676"},"modified":"2022-06-21T11:53:37","modified_gmt":"2022-06-21T15:53:37","slug":"castro-vecinos-afectados-por-incendios-son-parte-de-programa-de-reactivacion-economica","status":"publish","type":"post","link":"https:\/\/www.semanariolocal.cl\/?p=6676","title":{"rendered":"Castro: Vecinos afectados por incendios son parte de programa de reactivaci\u00f3n econ\u00f3mica"},"content":{"rendered":"\n<p>La delegada presidencial provincial Mariela N\u00fa\u00f1ez y el seremi de Desarrollo Social y Familia Enzo Jaramillo, anunciaron el inicio de la ejecuci\u00f3n del Programa Yo Emprendo Semilla&nbsp; Emergencia \u2013 incendios Chilo\u00e9,&nbsp; cuyo objetivo es que personas que hayan visto afectada su capacidad generadora de ingresos producto de la cat\u00e1strofe o emergencia ocurrida en Castro, en las poblaciones Camilo Henr\u00edquez y Yungay y en el barrio Palafitos, y est\u00e9n en condiciones de implementar un negocio, cuenten con las herramientas necesarias para lograrlo y as\u00ed aportar a mantener la estabilidad de sus ingresos.<\/p>\n\n\n\n<p>Una gran parte de las y los vecinos damnificados trabajaban de manera informal y no presentaban iniciaci\u00f3n de actividades. Es por eso que esta etapa de capacitaci\u00f3n tiene como finalidad entregar a las y los usuarios, herramientas que les permitan definir su plan de financiamiento, el que una vez validado por la contraparte FOSIS, determine el uso de los recursos de inversi\u00f3n. Asimismo, se les guiar\u00e1 y orientar\u00e1 en relaci\u00f3n con la inversi\u00f3n que ser\u00eda m\u00e1s adecuada en el contexto particular en que cada uno(a) se encuentra. El producto final de la capacitaci\u00f3n ser\u00e1 el plan de financiamiento elaborado.<\/p>\n\n\n\n<p>\u201cNuestro compromiso desde que asumimos como Gobierno fue apoyar y acompa\u00f1ar a las vecinas y vecinos que fueron afectados por estos incendios, donde lamentablemente perdieron sus viviendas y algunos sus herramientas de trabajo. A trav\u00e9s de este programa de Fosis podr\u00e1n desarrollar sus ideas de negocios, iniciar y fortalecer sus actividades econ\u00f3micas. Para eso, un equipo de profesionales los guiar\u00e1 para planificar y ejecutar acciones de inversi\u00f3n, de modo de seguir avanzando en su recuperaci\u00f3n econ\u00f3mica\u201d, expuso la delegada Mariela N\u00fa\u00f1ez.<\/p>\n\n\n\n<p>40 son las personas que forman parte de esta intervenci\u00f3n y 500 mil pesos, la inversi\u00f3n para cada uno, recursos que tienen por objetivo aportar al inicio de la formalizaci\u00f3n de su actividad econ\u00f3mica que result\u00f3 afectada por la cat\u00e1strofe o situaci\u00f3n de emergencia o, de no ser posible aquello, por las condiciones en que qued\u00f3 el mismo, apoyar el desarrollo de una actividad econ\u00f3mica diferente, que s\u00ed pueda ser desarrollada en las condiciones en que se encuentran los usuarios. Finalizada esta etapa de planificaci\u00f3n, los usuarios podr\u00e1n continuar con otros programas del FOSIS tendientes a implementar las actividades econ\u00f3micas definidas.<\/p>\n\n\n\n<p>\u201cDesde el comienzo de nuestro Gobierno, nuestro Presidente, Gabriel Boric nos encomend\u00f3 trabajar muy fuertemente en terreno en cada parte de nuestro territorio, conociendo de primera fuente las necesidades de las personas. Hoy gracias al trabajo articulado que tenemos desde hace mucho tiempo con la Delegada Presidencial Provincial de Chilo\u00e9 y por especial encargo de nuestra ministra, Jeannette Vega estamos dando respuesta peque\u00f1a pero significativa, a las familias que fueron afectadas con el incendio que ocurri\u00f3 en Castro, una situaci\u00f3n que complic\u00f3 la vida de muchas personas, pero gracias tambi\u00e9n a un servicio asociado que es el FOSIS, hoy pudimos dar emprendimientos que son parte de su oferta program\u00e1tica establecida y poder dar respuesta a las familias afectadas en Castro\u00bb, dijo el seremi de Desarrollo Social y Familia, Enzo Jaramillo.<\/p>\n","protected":false},"excerpt":{"rendered":"<p>La delegada presidencial provincial Mariela N\u00fa\u00f1ez y el seremi de Desarrollo Social y Familia Enzo Jaramillo, anunciaron el inicio de la ejecuci\u00f3n del Programa Yo Emprendo Semilla&nbsp; Emergencia \u2013 incendios Chilo\u00e9,&nbsp; cuyo objetivo es que personas que hayan visto afectada su capacidad generadora de ingresos producto de la cat\u00e1strofe o emergencia ocurrida en Castro, en&#8230;<a class=\"btnReadMore\" href=\"https:\/\/www.semanariolocal.cl\/?p=6676\"> Leer M\u00e1s<\/a><\/p>\n","protected":false},"author":1,"featured_media":6677,"comment_status":"closed","ping_status":"closed","sticky":false,"template":"","format":"standard","meta":{"footnotes":""},"categories":[9],"tags":[],"class_list":["post-6676","post","type-post","status-publish","format-standard","has-post-thumbnail","hentry","category-gobierno"],"_links":{"self":[{"href":"https:\/\/www.semanariolocal.cl\/index.php?rest_route=\/wp\/v2\/posts\/6676","targetHints":{"allow":["GET"]}}],"collection":[{"href":"https:\/\/www.semanariolocal.cl\/index.php?rest_route=\/wp\/v2\/posts"}],"about":[{"href":"https:\/\/www.semanariolocal.cl\/index.php?rest_route=\/wp\/v2\/types\/post"}],"author":[{"embeddable":true,"href":"https:\/\/www.semanariolocal.cl\/index.php?rest_route=\/wp\/v2\/users\/1"}],"replies":[{"embeddable":true,"href":"https:\/\/www.semanariolocal.cl\/index.php?rest_route=%2Fwp%2Fv2%2Fcomments&post=6676"}],"version-history":[{"count":1,"href":"https:\/\/www.semanariolocal.cl\/index.php?rest_route=\/wp\/v2\/posts\/6676\/revisions"}],"predecessor-version":[{"id":6678,"href":"https:\/\/www.semanariolocal.cl\/index.php?rest_route=\/wp\/v2\/posts\/6676\/revisions\/6678"}],"wp:featuredmedia":[{"embeddable":true,"href":"https:\/\/www.semanariolocal.cl\/index.php?rest_route=\/wp\/v2\/media\/6677"}],"wp:attachment":[{"href":"https:\/\/www.semanariolocal.cl\/index.php?rest_route=%2Fwp%2Fv2%2Fmedia&parent=6676"}],"wp:term":[{"taxonomy":"category","embeddable":true,"href":"https:\/\/www.semanariolocal.cl\/index.php?rest_route=%2Fwp%2Fv2%2Fcategories&post=6676"},{"taxonomy":"post_tag","embeddable":true,"href":"https:\/\/www.semanariolocal.cl\/index.php?rest_route=%2Fwp%2Fv2%2Ftags&post=6676"}],"curies":[{"name":"wp","href":"https:\/\/api.w.org\/{rel}","templated":true}]}}