{"id":6673,"date":"2022-06-21T07:00:00","date_gmt":"2022-06-21T11:00:00","guid":{"rendered":"https:\/\/www.semanariolocal.cl\/?p=6673"},"modified":"2022-06-21T11:50:57","modified_gmt":"2022-06-21T15:50:57","slug":"ganaderos-reciben-capacitacion-para-enfrentar-el-cambio-climatico-con-el-uso-de-alfalfa","status":"publish","type":"post","link":"https:\/\/www.semanariolocal.cl\/?p=6673","title":{"rendered":"Ganaderos reciben capacitaci\u00f3n para enfrentar el cambio clim\u00e1tico con el uso de alfalfa"},"content":{"rendered":"\n<p>La preocupaci\u00f3n por parte de los productores para enfrentar el cambio clim\u00e1tico se incrementa cada a\u00f1o m\u00e1s, en pleno invierno deben iniciar la preparaci\u00f3n de suelo y definir qu\u00e9 cultivos suplementarios sembrar\u00e1n en primavera para enfrentar el verano que cada vez es m\u00e1s seco y caluroso en la regi\u00f3n.<\/p>\n\n\n\n<p>Hace algunos d\u00edas visitaron INIA Remehue los integrantes del GTT Santa Mar\u00eda para recibir capacitaci\u00f3n en estrategias para enfrentar esta problem\u00e1tica. Alfredo Torres, especialista en praderas y cultivos forrajeros, entreg\u00f3 una serie de recomendaciones para enfrentar eventos clim\u00e1ticos adversos en la ganader\u00eda.<\/p>\n\n\n\n<p>En su presentaci\u00f3n, Torres explic\u00f3 que existen varios cultivos suplementarios para enfrentar la sequ\u00eda, como la alfalfa, raps forrajero, nabos forrajeros, chicoria y siete venas entre otros.<\/p>\n\n\n\n<p>Destac\u00f3 que \u201centre estos cultivos est\u00e1 la alfalfa que actualmente es muy poco utilizada por los productores, pasamos de 10.000 hect\u00e1reas sembradas en la regi\u00f3n hace 15 a\u00f1os a no m\u00e1s de 500 en la actualidad. La raz\u00f3n principal, fue reemplazada por los Nabos Forrajeros,<a>&nbsp;sin embargo, en veranos secos como el del 2014-2015, el nabo forrajero no rindi\u00f3 m\u00e1s de 3 a 4 toneladas siendo su potencial de 12; la alfalfa en ese mismo verano produjo 16 toneladas de un potencial de 20, es decir, el nabo baj\u00f3 su rendimiento en un 75% mientras que la alfalfa en un 20%. En estas condiciones, el kilo de materia seca de la alfalfa costo $ 50, mientras que en el nabo $ 167. Otra gran diferencia es que los nabos deben ser sembrados todos los a\u00f1os mientras que la alfalfa tiene una persistencia de m\u00e1s de 9 a\u00f1os\u201d.<\/a><\/p>\n\n\n\n<p>A\u00f1adi\u00f3 que \u201cla alfalfa, fuera de su gran rendimiento anual, posee altos niveles de prote\u00edna, no debe ser fertilizada con nitr\u00f3geno, puede ser pastoreada, cortada o conservada como ensilaje, debe ser sembrada entre fines de agosto y mediados de septiembre\u201d.<\/p>\n\n\n\n<p>Luego de la charla, los integrantes del GTT Santa Mar\u00eda, visitaron los ensayos de forrajeras tolerantes a sequ\u00eda en la lecher\u00eda rob\u00f3tica de INIA Remehue.<\/p>\n\n\n\n<p>Esta, actividad fue organizada en conjunto con Francheska Kenigs, coordinadora regional de grupos de transferencia tecnol\u00f3gica de la Fundaci\u00f3n GTT.<\/p>\n","protected":false},"excerpt":{"rendered":"<p>Especialista del INIA, Alfredo Torres, se refiri\u00f3 al uso de esta especie forrajera en comparaci\u00f3n con el uso de nabos en veranos secos.<\/p>\n","protected":false},"author":1,"featured_media":6674,"comment_status":"closed","ping_status":"closed","sticky":false,"template":"","format":"standard","meta":{"footnotes":""},"categories":[20,3],"tags":[],"class_list":["post-6673","post","type-post","status-publish","format-standard","has-post-thumbnail","hentry","category-agro","category-al-dia"],"_links":{"self":[{"href":"https:\/\/www.semanariolocal.cl\/index.php?rest_route=\/wp\/v2\/posts\/6673","targetHints":{"allow":["GET"]}}],"collection":[{"href":"https:\/\/www.semanariolocal.cl\/index.php?rest_route=\/wp\/v2\/posts"}],"about":[{"href":"https:\/\/www.semanariolocal.cl\/index.php?rest_route=\/wp\/v2\/types\/post"}],"author":[{"embeddable":true,"href":"https:\/\/www.semanariolocal.cl\/index.php?rest_route=\/wp\/v2\/users\/1"}],"replies":[{"embeddable":true,"href":"https:\/\/www.semanariolocal.cl\/index.php?rest_route=%2Fwp%2Fv2%2Fcomments&post=6673"}],"version-history":[{"count":1,"href":"https:\/\/www.semanariolocal.cl\/index.php?rest_route=\/wp\/v2\/posts\/6673\/revisions"}],"predecessor-version":[{"id":6675,"href":"https:\/\/www.semanariolocal.cl\/index.php?rest_route=\/wp\/v2\/posts\/6673\/revisions\/6675"}],"wp:featuredmedia":[{"embeddable":true,"href":"https:\/\/www.semanariolocal.cl\/index.php?rest_route=\/wp\/v2\/media\/6674"}],"wp:attachment":[{"href":"https:\/\/www.semanariolocal.cl\/index.php?rest_route=%2Fwp%2Fv2%2Fmedia&parent=6673"}],"wp:term":[{"taxonomy":"category","embeddable":true,"href":"https:\/\/www.semanariolocal.cl\/index.php?rest_route=%2Fwp%2Fv2%2Fcategories&post=6673"},{"taxonomy":"post_tag","embeddable":true,"href":"https:\/\/www.semanariolocal.cl\/index.php?rest_route=%2Fwp%2Fv2%2Ftags&post=6673"}],"curies":[{"name":"wp","href":"https:\/\/api.w.org\/{rel}","templated":true}]}}