{"id":6670,"date":"2022-06-19T09:46:00","date_gmt":"2022-06-19T13:46:00","guid":{"rendered":"https:\/\/www.semanariolocal.cl\/?p=6670"},"modified":"2022-06-19T22:53:32","modified_gmt":"2022-06-20T02:53:32","slug":"sumemos-no-excluyamos","status":"publish","type":"post","link":"https:\/\/www.semanariolocal.cl\/?p=6670","title":{"rendered":"Sumemos, no excluyamos"},"content":{"rendered":"\n<p class=\"wp-block-paragraph\">La conmemoraci\u00f3n del d\u00eda del comercio es una buena excusa para compartir algunas cifras de Fondo Esperanza.<\/p>\n\n\n\n<p class=\"wp-block-paragraph\">De los m\u00e1s de 110 mil negocios que apoyamos, el 59% se dedica al comercio. El 80% es liderado por mujeres, que emprenden para compatibilizar la generaci\u00f3n de ingresos con labores de cuidado. A esto se suma que el 69% son informales.&nbsp;<\/p>\n\n\n\n<p class=\"wp-block-paragraph\">Desde Fondo Esperanza miramos con preocupaci\u00f3n como durante el \u00faltimo tiempo se ha acentuado una cara delictual de la informalidad. Efectivamente hay quienes usan el comercio informal para no pagar impuestos o no estar sujeto a regulaciones. Sin embargo, existe otro grupo, mayoritario, que por circunstancias personales, generalmente vinculadas a la pobreza (bajos niveles de educaci\u00f3n y falta de oportunidades), la \u00fanica opci\u00f3n que tiene para generar ingresos es bajo condiciones de informalidad. Y los datos demuestran que en la medida que sus negocios crecen y van siendo m\u00e1s productivos, tambi\u00e9n se van formalizando.&nbsp;<\/p>\n\n\n\n<p class=\"wp-block-paragraph\">Se necesitan pol\u00edticas p\u00fablicas inclusivas, que faciliten los procesos de formalizaci\u00f3n y su operaci\u00f3n del d\u00eda a d\u00eda, porque sus econom\u00edas son del d\u00eda a d\u00eda. No podemos seguir excluyendo a los emprendimientos m\u00e1s peque\u00f1os manteni\u00e9ndolos aislados del sistema. Tenemos una deuda con ellos como pa\u00eds.<\/p>\n\n\n\n<p class=\"wp-block-paragraph\"><strong>Mario Pav\u00f3n Prat &#8211; Gerente General Fondo Esperanza<\/strong><\/p>\n","protected":false},"excerpt":{"rendered":"<p>La conmemoraci\u00f3n del d\u00eda del comercio es una buena excusa para compartir algunas cifras de Fondo Esperanza. De los m\u00e1s de 110 mil negocios que apoyamos, el 59% se dedica al comercio. El 80% es liderado por mujeres, que emprenden para compatibilizar la generaci\u00f3n de ingresos con labores de cuidado. A esto se suma que&#8230;<a class=\"btnReadMore\" href=\"https:\/\/www.semanariolocal.cl\/?p=6670\"> Leer M\u00e1s<\/a><\/p>\n","protected":false},"author":1,"featured_media":6672,"comment_status":"closed","ping_status":"closed","sticky":false,"template":"","format":"standard","meta":{"footnotes":""},"categories":[3],"tags":[],"class_list":["post-6670","post","type-post","status-publish","format-standard","has-post-thumbnail","hentry","category-al-dia"],"_links":{"self":[{"href":"https:\/\/www.semanariolocal.cl\/index.php?rest_route=\/wp\/v2\/posts\/6670","targetHints":{"allow":["GET"]}}],"collection":[{"href":"https:\/\/www.semanariolocal.cl\/index.php?rest_route=\/wp\/v2\/posts"}],"about":[{"href":"https:\/\/www.semanariolocal.cl\/index.php?rest_route=\/wp\/v2\/types\/post"}],"author":[{"embeddable":true,"href":"https:\/\/www.semanariolocal.cl\/index.php?rest_route=\/wp\/v2\/users\/1"}],"replies":[{"embeddable":true,"href":"https:\/\/www.semanariolocal.cl\/index.php?rest_route=%2Fwp%2Fv2%2Fcomments&post=6670"}],"version-history":[{"count":1,"href":"https:\/\/www.semanariolocal.cl\/index.php?rest_route=\/wp\/v2\/posts\/6670\/revisions"}],"predecessor-version":[{"id":6671,"href":"https:\/\/www.semanariolocal.cl\/index.php?rest_route=\/wp\/v2\/posts\/6670\/revisions\/6671"}],"wp:featuredmedia":[{"embeddable":true,"href":"https:\/\/www.semanariolocal.cl\/index.php?rest_route=\/wp\/v2\/media\/6672"}],"wp:attachment":[{"href":"https:\/\/www.semanariolocal.cl\/index.php?rest_route=%2Fwp%2Fv2%2Fmedia&parent=6670"}],"wp:term":[{"taxonomy":"category","embeddable":true,"href":"https:\/\/www.semanariolocal.cl\/index.php?rest_route=%2Fwp%2Fv2%2Fcategories&post=6670"},{"taxonomy":"post_tag","embeddable":true,"href":"https:\/\/www.semanariolocal.cl\/index.php?rest_route=%2Fwp%2Fv2%2Ftags&post=6670"}],"curies":[{"name":"wp","href":"https:\/\/api.w.org\/{rel}","templated":true}]}}