{"id":6664,"date":"2022-06-18T08:23:00","date_gmt":"2022-06-18T12:23:00","guid":{"rendered":"https:\/\/www.semanariolocal.cl\/?p=6664"},"modified":"2022-06-18T10:34:38","modified_gmt":"2022-06-18T14:34:38","slug":"universidades-publicas-organizadas-en-el-iesed-chile-colaboraran-con-el-mineduc","status":"publish","type":"post","link":"https:\/\/www.semanariolocal.cl\/?p=6664","title":{"rendered":"Universidades P\u00fablicas organizadas en el IESED-Chile colaborar\u00e1n con el MINEDUC"},"content":{"rendered":"\n<p class=\"wp-block-paragraph\">Autoridades del Ministerio de Educaci\u00f3n y del&nbsp;<a href=\"https:\/\/iesed.cl\/\" target=\"_blank\" rel=\"noreferrer noopener\">Instituto Interuniversitario de Investigaci\u00f3n Educativa (IESED-Chile)<\/a>, conformado por 11 Universidades del Estado y el Programa Interdisciplinario de Investigaci\u00f3n (PIIE), se reunieron en la Sede Santiago de la Universidad de Los Lagos para acordar una agenda de trabajo en conjunto y de colaboraci\u00f3n, principalmente para generar pol\u00edticas p\u00fablicas que fortalezcan el \u00e1rea de formaci\u00f3n inicial de profesores\/as.<\/p>\n\n\n\n<p class=\"wp-block-paragraph\">Asistieron rectores de 12 Universidades del Estado, liderados por el&nbsp;<strong>Rector de la Universidad de Los Lagos, \u00d3scar Garrido<\/strong>; la Subsecretaria de Educaci\u00f3n Superior, Ver\u00f3nica Figueroa; el Jefe de la Divisi\u00f3n de Educaci\u00f3n Universitaria, Thomas Griggs; la coordinadora de Universidades del MINEDUC, Patricia Contreras; el Director del IESED-Chile, Dr. Daniel L\u00f3pez; e investigadores del Instituto.<\/p>\n\n\n\n<p class=\"wp-block-paragraph\">El Rector \u00d3scar Garrido record\u00f3 que \u201c<em>cuando creamos el IESED-Chile nuestro principal prop\u00f3sito era constituirnos en un actor que permitiera contribuir al desarrollo e implementaci\u00f3n de pol\u00edtica p\u00fablica y en esta perspectiva, atendiendo fundamentalmente los planteamientos que este Gobierno ha colocado como foco central, que es una fuerte agenda en t\u00e9rminos de fortalecer la formaci\u00f3n inicial de profesores, donde adem\u00e1s est\u00e9 cruzado por la interculturalidad, por el g\u00e9nero y por el territorio, y naturalmente el Instituto ha ido trabajando en esta perspectiva desde su creaci\u00f3n en 2017\u201d.<\/em><\/p>\n\n\n\n<p class=\"wp-block-paragraph\">Precis\u00f3 que \u201c<em>hoy, en este hito, lo que estamos haciendo es converger las propuestas del Instituto, m\u00e1s las demandas del Ministerio para instalar una agenda virtuosa, que ya qued\u00f3 comprometida\u201d.<\/em><\/p>\n\n\n\n<p class=\"wp-block-paragraph\">En los pr\u00f3ximos d\u00edas, el Rector Garrido como coordinador de los rectores del Instituto, junto con el equipo directivo y t\u00e9cnico del IESED Chile, liderado por el Dr. Daniel L\u00f3pez, se van a reunir en el MINEDUC con autoridades del Ministerio para establecer una agenda de trabajo y una serie de productos que se van a comprometer, \u201c<em>que van desde el desarrollo de estudios, el desarrollo de investigaciones, la posibilidad de formar pol\u00edtica p\u00fablica que apunte al fortalecimiento de la formaci\u00f3n inicial de profesores, pero adem\u00e1s, medidas concretas, es decir, propuestas de capacitaci\u00f3n, profesionalizaci\u00f3n de la formaci\u00f3n docente al interior de las universidades, en definitiva, un plan integral<\/em>\u201d, afirm\u00f3 el Rector Garrido.<\/p>\n\n\n\n<p class=\"wp-block-paragraph\">Respecto a la investigaci\u00f3n en educaci\u00f3n, el Rector se\u00f1al\u00f3 que \u201c<em>hoy estamos al debe, tenemos indicadores bajos en t\u00e9rminos de productividad cient\u00edfica (\u2026) no es posible que hoy tengamos regiones o territorios donde no tenemos estudiantes que fomenten el desarrollo del arte, la filosof\u00eda, la ciencia; por lo tanto, lo que tenemos que hacer es contribuir para que el Estado de Chile pueda formular pol\u00edticas que permitan generar incentivos y nos permita asegurar que estas disciplinas se desarrollen para crear un Chile m\u00e1s justo y m\u00e1s equitativo\u201d.<\/em><\/p>\n\n\n\n<p class=\"wp-block-paragraph\">Por su parte, la Subsecretaria de Educaci\u00f3n Superior, Ver\u00f3nica Figueroa, expres\u00f3 que como Ministerio \u201c<em>entendemos que avanzar en una agenda de fortalecimiento de las pedagog\u00edas es clave no solo por las urgencias sino por los cambios que est\u00e1 enfrentando la sociedad y que va a enfrentar en el corto plazo y el rol que las pedagog\u00edas en todos los niveles pueden jugar en esas transformaciones sociales\u201d.<\/em><\/p>\n\n\n\n<p class=\"wp-block-paragraph\">Por tanto, remarc\u00f3 que \u201c<em>contar con el apoyo de las Universidades del Estado, con la expertise y el conocimiento que tienen, resulta fundamental; creo que se abre una agenda muy interesante y muy potente para pensar los temas que debiera tener una pol\u00edtica de este tipo\u201d.<\/em><\/p>\n\n\n\n<p class=\"wp-block-paragraph\">En tanto, el&nbsp;<strong>Jefe de la Divisi\u00f3n de Educaci\u00f3n Universitaria, Thomas Griggs<\/strong>, afirm\u00f3 que el IESED Chile es un proyecto \u201c<strong>muy interesante<\/strong>\u201d.&nbsp;<\/p>\n\n\n\n<p class=\"wp-block-paragraph\">\u201c<em>Se trata de un proyecto que se hace cargo de uno de los temas que son fundamentales para nosotros, como es la educaci\u00f3n p\u00fablica pero tambi\u00e9n da cuenta de una colaboraci\u00f3n entre las Universidades del Estado, que es justamente lo que estamos buscando y que queremos lograr: que las Universidades del Estado act\u00faen como cuerpo, que colaboren entre s\u00ed, particularmente las universidades regionales, que puedan atender las necesidades de su territorio, sobre todo a partir de esta l\u00f3gica de cooperaci\u00f3n y de interrelaci\u00f3n entre ellas\u201d.<\/em><\/p>\n\n\n\n<p class=\"wp-block-paragraph\">Asimismo, el&nbsp;<strong>Director General del IESED-Chile y acad\u00e9mico de la Universidad de Los Lagos, Dr. Daniel L\u00f3pez,<\/strong>&nbsp;subray\u00f3 que \u201c<em>estamos muy satisfechos de esta oportunidad que se ha dado (\u2026) se han abierto oportunidades muy claras de trabajar en conjunto, porque nos un\u00eda un mismo prop\u00f3sito que es c\u00f3mo hacemos desde la investigaci\u00f3n y desde la formaci\u00f3n avanzada para avanzar sustantivamente en la educaci\u00f3n chilena; Chile no va a ser nunca un pa\u00eds desarrollado mientras no tenga una educaci\u00f3n desarrollada, y en esa tarea confluimos todos los \u00f3rganos del Estado \u201c.<\/em><\/p>\n\n\n\n<p class=\"wp-block-paragraph\">A su vez, enfatiz\u00f3 que el IESED Chile \u201c<em>se basa en la cooperaci\u00f3n y no en la competencia; tenemos que aunar capacidades instaladas, hacer sinergia e interactuar entre todas las universidades para logros que no podr\u00edamos hacer por separado\u201d.<\/em><\/p>\n\n\n\n<p class=\"wp-block-paragraph\">Por \u00faltimo, la&nbsp;<strong>Rectora de la Universidad Metropolitana de Ciencias de la Educaci\u00f3n (UMCE) Elisa Araya,<\/strong>&nbsp;puntualiz\u00f3 que investigar en educaci\u00f3n \u201c<em>es bastante complejo porque estamos hablando de relaciones humanas (\u2026) esos son escenarios din\u00e1micos y lo interesante de este Instituto y del trabajo en red es justamente que pone muchas inteligencias y muchas perspectivas a pensar de manera simult\u00e1nea estos problemas complejos que tiene el pa\u00eds y sobre los cuales hay que avanzar; como se sabe tenemos d\u00e9ficit en la formaci\u00f3n de profesores y profesoras y por lo tanto, hay que pensar en c\u00f3mo traemos a m\u00e1s j\u00f3venes a esta profesi\u00f3n, pero adem\u00e1s, c\u00f3mo ya estando dentro resolvemos los problemas que tiene la educaci\u00f3n\u201d.<\/em><\/p>\n\n\n\n<p class=\"wp-block-paragraph\">Cabe consignar que el Instituto Interuniversitario de Investigaci\u00f3n Educativa es una Red acad\u00e9mica de investigaci\u00f3n y formaci\u00f3n avanzada en educaci\u00f3n que cubre todo el territorio nacional. Fue fundado en diciembre de 2017, sus instalaciones est\u00e1n en la Sede Santiago de la Universidad de Los Lagos en Rep\u00fablica 517 y sus principales objetivos son: desarrollar Investigaci\u00f3n cient\u00edfica en educaci\u00f3n, con el fin de contribuir a la generaci\u00f3n de conocimiento de alto nivel que impacte en las pol\u00edticas p\u00fablicas en educaci\u00f3n; realizar formaci\u00f3n avanzada de calidad en educaci\u00f3n para incidir en el campo disciplinario, la praxis educativa y las pol\u00edticas p\u00fablicas; e implementar acciones colaborativas y sin\u00e9rgicas con la sociedad, favoreciendo el compromiso interuniversitario con los valores de la educaci\u00f3n p\u00fablica. Sus cuatro \u00e1reas de investigaci\u00f3n son: Justicia social y formaci\u00f3n docente; Pol\u00edtica educativa; Gobernanza de organizaciones; y Pol\u00edticas de educaci\u00f3n superior.<\/p>\n","protected":false},"excerpt":{"rendered":"<p>Instituto Interuniversitario de Investigaci\u00f3n Educativa (IESED-Chile), conformado por 11 Universidades del Estado, present\u00f3 propuestas para fortalecer la formaci\u00f3n inicial de profesores\/as.<\/p>\n","protected":false},"author":1,"featured_media":6665,"comment_status":"closed","ping_status":"closed","sticky":false,"template":"","format":"standard","meta":{"footnotes":""},"categories":[3,11],"tags":[],"class_list":["post-6664","post","type-post","status-publish","format-standard","has-post-thumbnail","hentry","category-al-dia","category-educacion"],"_links":{"self":[{"href":"https:\/\/www.semanariolocal.cl\/index.php?rest_route=\/wp\/v2\/posts\/6664","targetHints":{"allow":["GET"]}}],"collection":[{"href":"https:\/\/www.semanariolocal.cl\/index.php?rest_route=\/wp\/v2\/posts"}],"about":[{"href":"https:\/\/www.semanariolocal.cl\/index.php?rest_route=\/wp\/v2\/types\/post"}],"author":[{"embeddable":true,"href":"https:\/\/www.semanariolocal.cl\/index.php?rest_route=\/wp\/v2\/users\/1"}],"replies":[{"embeddable":true,"href":"https:\/\/www.semanariolocal.cl\/index.php?rest_route=%2Fwp%2Fv2%2Fcomments&post=6664"}],"version-history":[{"count":1,"href":"https:\/\/www.semanariolocal.cl\/index.php?rest_route=\/wp\/v2\/posts\/6664\/revisions"}],"predecessor-version":[{"id":6666,"href":"https:\/\/www.semanariolocal.cl\/index.php?rest_route=\/wp\/v2\/posts\/6664\/revisions\/6666"}],"wp:featuredmedia":[{"embeddable":true,"href":"https:\/\/www.semanariolocal.cl\/index.php?rest_route=\/wp\/v2\/media\/6665"}],"wp:attachment":[{"href":"https:\/\/www.semanariolocal.cl\/index.php?rest_route=%2Fwp%2Fv2%2Fmedia&parent=6664"}],"wp:term":[{"taxonomy":"category","embeddable":true,"href":"https:\/\/www.semanariolocal.cl\/index.php?rest_route=%2Fwp%2Fv2%2Fcategories&post=6664"},{"taxonomy":"post_tag","embeddable":true,"href":"https:\/\/www.semanariolocal.cl\/index.php?rest_route=%2Fwp%2Fv2%2Ftags&post=6664"}],"curies":[{"name":"wp","href":"https:\/\/api.w.org\/{rel}","templated":true}]}}