{"id":6661,"date":"2022-06-16T23:21:52","date_gmt":"2022-06-17T03:21:52","guid":{"rendered":"https:\/\/www.semanariolocal.cl\/?p=6661"},"modified":"2022-06-16T23:21:53","modified_gmt":"2022-06-17T03:21:53","slug":"bernales-denuncia-engano-de-la-armada-en-retiro-de-barcos-en-desuso-del-sector-chinquihue","status":"publish","type":"post","link":"https:\/\/www.semanariolocal.cl\/?p=6661","title":{"rendered":"Bernales denuncia enga\u00f1o de la Armada en retiro de barcos en desuso del sector Chinquihue"},"content":{"rendered":"\n<p>\u201cEl desmantelamiento de barcos en Chinquihue termin\u00f3 siendo una mentira\u201d, de ese modo el diputado Alejandro Bernales (PL) solicit\u00f3 en la C\u00e1mara Baja que se investigue lo sucedido con el desarme de barcos de la ciudad de Puerto Montt, que termin\u00f3 siendo \u201cun favor\u201d para un privado y no la recuperaci\u00f3n de espacios p\u00fablicos para la ciudadan\u00eda, como se hab\u00eda solicitado.<\/p>\n\n\n\n<p>El legislador que impuls\u00f3 junto a los vecinos y vecinas de Villa Marina el retiro de estas embarcaciones y de esa forma tambi\u00e9n, prevenir da\u00f1os al ecosistema producto de restos de combustible y oxidaci\u00f3n, expuso su molestia y exigi\u00f3 que la Armada que d\u00e9 una explicaci\u00f3n.<\/p>\n\n\n\n<p>\u201cNo voy a tolerar que le tomen el pelo a las y los puertomontinos y mucho menos que nos ocupen a nosotros para enga\u00f1ar a la gente. El 2018 levantamos la agenda sobre el cementerio de barcos en que se hab\u00eda convertido el borde costero de nuestra ciudad, en especial el sector de Chinquihue. En esa fecha pedimos a la Armada un catastro de los barcos abandonados y el a\u00f1o pasado sesion\u00f3 una mesa de trabajo junto al Gobernador Regional, donde la Armada lider\u00f3 este espacio y se comprometieron a retirar estos barcos con motivo de recuperar el espacio p\u00fablico para la ciudadan\u00eda\u201d, precis\u00f3 el diputado.<\/p>\n\n\n\n<p>Record\u00f3, que en enero de este a\u00f1o se produjo el retiro del primer barco abandonado en Chinquihue, ocasi\u00f3n en donde se celebr\u00f3 la recuperaci\u00f3n de ese espacio, como tambi\u00e9n la protecci\u00f3n al medio ambiente, lugar que hoy se encuentra cerrado con una gran pandereta.<\/p>\n\n\n\n<p>\u201cAl contactarme con la Capitan\u00eda de Puerto me indican que es concesionado, es decir despejamos un lugar p\u00fablico para que ahora lo ocupe un privado. Me siento enga\u00f1ado, por eso pido que se oficie a la Armada y que nos d\u00e9 cuenta de esta situaci\u00f3n y se oficie tambi\u00e9n al Ministerio de Defensa que nos indique los montos involucrados y si es necesario que se inicien los sumarios correspondientes. As\u00ed es como se pierde la confianza en las instituciones, mientras la Armada limpia la playa a un privado con recursos p\u00fablicos, los vecinos de Villa Marina y de otros sectores de Puerto Montt siguen viviendo en la basura y con ruidos\u201d, cerr\u00f3 Bernales.&nbsp;<\/p>\n","protected":false},"excerpt":{"rendered":"<p>\u201cEl desmantelamiento de barcos en Chinquihue termin\u00f3 siendo una mentira\u201d, de ese modo el diputado Alejandro Bernales (PL) solicit\u00f3 en la C\u00e1mara Baja que se investigue lo sucedido con el desarme de barcos de la ciudad de Puerto Montt, que termin\u00f3 siendo \u201cun favor\u201d para un privado y no la recuperaci\u00f3n de espacios p\u00fablicos para&#8230;<a class=\"btnReadMore\" href=\"https:\/\/www.semanariolocal.cl\/?p=6661\"> Leer M\u00e1s<\/a><\/p>\n","protected":false},"author":1,"featured_media":6662,"comment_status":"closed","ping_status":"closed","sticky":false,"template":"","format":"standard","meta":{"footnotes":""},"categories":[3],"tags":[],"class_list":["post-6661","post","type-post","status-publish","format-standard","has-post-thumbnail","hentry","category-al-dia"],"_links":{"self":[{"href":"https:\/\/www.semanariolocal.cl\/index.php?rest_route=\/wp\/v2\/posts\/6661","targetHints":{"allow":["GET"]}}],"collection":[{"href":"https:\/\/www.semanariolocal.cl\/index.php?rest_route=\/wp\/v2\/posts"}],"about":[{"href":"https:\/\/www.semanariolocal.cl\/index.php?rest_route=\/wp\/v2\/types\/post"}],"author":[{"embeddable":true,"href":"https:\/\/www.semanariolocal.cl\/index.php?rest_route=\/wp\/v2\/users\/1"}],"replies":[{"embeddable":true,"href":"https:\/\/www.semanariolocal.cl\/index.php?rest_route=%2Fwp%2Fv2%2Fcomments&post=6661"}],"version-history":[{"count":1,"href":"https:\/\/www.semanariolocal.cl\/index.php?rest_route=\/wp\/v2\/posts\/6661\/revisions"}],"predecessor-version":[{"id":6663,"href":"https:\/\/www.semanariolocal.cl\/index.php?rest_route=\/wp\/v2\/posts\/6661\/revisions\/6663"}],"wp:featuredmedia":[{"embeddable":true,"href":"https:\/\/www.semanariolocal.cl\/index.php?rest_route=\/wp\/v2\/media\/6662"}],"wp:attachment":[{"href":"https:\/\/www.semanariolocal.cl\/index.php?rest_route=%2Fwp%2Fv2%2Fmedia&parent=6661"}],"wp:term":[{"taxonomy":"category","embeddable":true,"href":"https:\/\/www.semanariolocal.cl\/index.php?rest_route=%2Fwp%2Fv2%2Fcategories&post=6661"},{"taxonomy":"post_tag","embeddable":true,"href":"https:\/\/www.semanariolocal.cl\/index.php?rest_route=%2Fwp%2Fv2%2Ftags&post=6661"}],"curies":[{"name":"wp","href":"https:\/\/api.w.org\/{rel}","templated":true}]}}