{"id":6655,"date":"2022-06-16T09:10:00","date_gmt":"2022-06-16T13:10:00","guid":{"rendered":"https:\/\/www.semanariolocal.cl\/?p=6655"},"modified":"2022-06-16T22:55:23","modified_gmt":"2022-06-17T02:55:23","slug":"essal-campana-de-invierno-busca-minimizar-efectos-adversos-de-aguas-lluvias-en-alcantarillado","status":"publish","type":"post","link":"https:\/\/www.semanariolocal.cl\/?p=6655","title":{"rendered":"ESSAL:  campa\u00f1a de invierno busca minimizar efectos adversos de aguas lluvias en alcantarillado"},"content":{"rendered":"\n<p class=\"wp-block-paragraph\">En compa\u00f1\u00eda del alcalde Emeterio Carrillo y vecinos del sector Francke de Osorno, la sanitaria ESSAL lanz\u00f3 las campa\u00f1as de aguas lluvias, cuidado del alcantarillado y Plan Preventivo de Mantenci\u00f3n del Alcantarillado, con el objeto de generar conciencia en la comunidad para minimizar los negativos efectos que tiene el ingreso irregular de aguas lluvias al alcantarillado en la calidad de vida de la comunidad y el Medio Ambiente.<\/p>\n\n\n\n<p class=\"wp-block-paragraph\">En la instancia, realizada en la sede de la Junta de Vecinos Parque Norte de Francke, se explic\u00f3 a los presentes que la inexistencia de un adecuado sistema de gesti\u00f3n de aguas lluvias, que es responsabilidad del Estado, propicia su ingreso irregular al alcantarillado, colaps\u00e1ndolo y generando rebalses en calles y casas.<\/p>\n\n\n\n<p class=\"wp-block-paragraph\">En este sentido se inform\u00f3 que ESSAL cada a\u00f1o trata alrededor de 30 millones de metros c\u00fabicos de agua adicional, lo que equivale a 3 millones de camiones aljibe; tambi\u00e9n este problema genera la activaci\u00f3n de aliviaderos de emergencia dado que el sistema de la compa\u00f1\u00eda no es capaz de conducir y sanear tal cantidad de agua adicional.<\/p>\n\n\n\n<p class=\"wp-block-paragraph\">El gerente General de ESSAL, Sebasti\u00e1n Febres, detall\u00f3 los enormes vol\u00famenes de agua adicional que la compa\u00f1\u00eda debe tratar en Osorno por el ingreso irregular de aguas lluvias al alcantarillado y la cantidad de residuos que deben ser retirados de la red por el mal uso que la comunidad hace de la taza del ba\u00f1o: \u201cMostr\u00e1bamos en las presentaciones que en Osorno tratamos el equivalente en aguas lluvias en nuestro sistema de tratamiento al consumo en un a\u00f1o de 27 mil familias y desde el alcantarillado retiramos en basura el equivalente a un edificio de 5 pisos, por lo que nuestra invitaci\u00f3n a toda la comunidad es a que se sume a este tipo de iniciativas y que podamos pasar un mejor invierno con un buen uso del alcantarillado, porque no es un basurero\u201d.<\/p>\n\n\n\n<p class=\"wp-block-paragraph\">En este sentido, se plante\u00f3 la necesidad que los vecinos practiquen un adecuado uso de los servicios higi\u00e9nicos en las casas, ya que el alcantarillado no est\u00e1 dise\u00f1ado para recibir y transportar residuos s\u00f3lidos indisolubles, como mascarillas, toallas, trapos, pa\u00f1ales, preservativos y cotonitos, entre otros. En la exposici\u00f3n, se inform\u00f3 que en contexto de pandemia ha sido notorio el incremento en el volumen de material ajeno al alcantarillado -de hecho, de 2020 a 2021, el aumento fue de un 30%, atribuido principalmente a la aparici\u00f3n en la infraestructura sanitaria de mascarillas para prevenir el COVID 19.<\/p>\n\n\n\n<p class=\"wp-block-paragraph\">El alcalde de Osorno, Emeterio Carrillo, manifest\u00f3 que \u201cqueremos que nuestra ciudad funcione de la mejor manera posible y sobre todo hoy en d\u00eda a ra\u00edz del cambio clim\u00e1tico los procesos de lluvia son m\u00e1s breves, pero con m\u00e1s volumen de agua, entonces eso genera atochamiento en nuestro alcantarillado y m\u00e1s a\u00fan si a eso le sumamos la basura que lamentablemente nuestros vecinos y vecinas botan en la calle que finalmente termina llegando a ese lugar\u201d.<\/p>\n\n\n\n<p class=\"wp-block-paragraph\">En tanto, la presidenta de la Junta de Vecinos del Bosque Parque Norte, Marcela Oporto, reconoci\u00f3 que la problem\u00e1tica de obstrucciones y rebalses es responsabilidad de la comunidad: &nbsp;que no solo la sanitaria debe combatir este problema, porque es una problem\u00e1tica que se debe asumir en conjunto: \u201cEste es un sector que cada vez que llueve, las alcantarillas todas brotan porque sale todo. Gracias a Dios tenemos la comunicaci\u00f3n con ESSAL que cuando pasa eso, los llamamos, vienen, destapan y desinfectan la alcantarilla y todas las calles, pero no es la idea que se tapen por la irresponsabilidad de todos los vecinos\u201d.<\/p>\n\n\n\n<p class=\"wp-block-paragraph\">Por \u00faltimo, la presidenta de la Uni\u00f3n Comunal de Juntas de Vecinos de Osorno, Eliana Catrilef, hizo un llamado a los vecinos a colaborar con la protecci\u00f3n del entorno natural: \u201cEl llamado que yo har\u00eda a nuestros vecinos de todo Osorno es a cooperar con el Medio Ambiente para que tengamos mejor salud y colaboremos con no votar cosas que no corresponde a nuestras tazas del ba\u00f1o, ni al lavaplatos; no echar aceite ni arena\u201d.<\/p>\n\n\n\n<p class=\"wp-block-paragraph\">Durante la actividad se inform\u00f3 que, en 2021 en Osorno, ESSAL retir\u00f3 2 millones 105 mil kilos de desechos, un peso similar a un edificio de 5 pisos, lo que genera problemas operacionales a la compa\u00f1\u00eda.<\/p>\n","protected":false},"excerpt":{"rendered":"<p>En ESSAL a nivel compa\u00f1\u00eda registraron un incremento de un 30% de material ajeno al alcantarillado de 2022 a 2021 en su sistema de saneamiento, atribuido principalmente a la aparici\u00f3n de mascarillas para prevenir el COVID 19. En 2021 en Osorno ESSAL retir\u00f3 2 millones 105 mil kilos de desechos, un peso similar a un edificio de 5 pisos.<\/p>\n","protected":false},"author":1,"featured_media":6656,"comment_status":"closed","ping_status":"closed","sticky":false,"template":"","format":"standard","meta":{"footnotes":""},"categories":[3],"tags":[],"class_list":["post-6655","post","type-post","status-publish","format-standard","has-post-thumbnail","hentry","category-al-dia"],"_links":{"self":[{"href":"https:\/\/www.semanariolocal.cl\/index.php?rest_route=\/wp\/v2\/posts\/6655","targetHints":{"allow":["GET"]}}],"collection":[{"href":"https:\/\/www.semanariolocal.cl\/index.php?rest_route=\/wp\/v2\/posts"}],"about":[{"href":"https:\/\/www.semanariolocal.cl\/index.php?rest_route=\/wp\/v2\/types\/post"}],"author":[{"embeddable":true,"href":"https:\/\/www.semanariolocal.cl\/index.php?rest_route=\/wp\/v2\/users\/1"}],"replies":[{"embeddable":true,"href":"https:\/\/www.semanariolocal.cl\/index.php?rest_route=%2Fwp%2Fv2%2Fcomments&post=6655"}],"version-history":[{"count":1,"href":"https:\/\/www.semanariolocal.cl\/index.php?rest_route=\/wp\/v2\/posts\/6655\/revisions"}],"predecessor-version":[{"id":6657,"href":"https:\/\/www.semanariolocal.cl\/index.php?rest_route=\/wp\/v2\/posts\/6655\/revisions\/6657"}],"wp:featuredmedia":[{"embeddable":true,"href":"https:\/\/www.semanariolocal.cl\/index.php?rest_route=\/wp\/v2\/media\/6656"}],"wp:attachment":[{"href":"https:\/\/www.semanariolocal.cl\/index.php?rest_route=%2Fwp%2Fv2%2Fmedia&parent=6655"}],"wp:term":[{"taxonomy":"category","embeddable":true,"href":"https:\/\/www.semanariolocal.cl\/index.php?rest_route=%2Fwp%2Fv2%2Fcategories&post=6655"},{"taxonomy":"post_tag","embeddable":true,"href":"https:\/\/www.semanariolocal.cl\/index.php?rest_route=%2Fwp%2Fv2%2Ftags&post=6655"}],"curies":[{"name":"wp","href":"https:\/\/api.w.org\/{rel}","templated":true}]}}