{"id":6652,"date":"2022-06-16T09:49:00","date_gmt":"2022-06-16T13:49:00","guid":{"rendered":"https:\/\/www.semanariolocal.cl\/?p=6652"},"modified":"2022-06-16T22:51:32","modified_gmt":"2022-06-17T02:51:32","slug":"cuestionan-a-ministra-de-cultura-por-exposicion-que-valora-la-violencia-del-estallido-social","status":"publish","type":"post","link":"https:\/\/www.semanariolocal.cl\/?p=6652","title":{"rendered":"Cuestionan a Ministra de Cultura por exposici\u00f3n que \u00abvalora la violencia del estallido social\u00bb."},"content":{"rendered":"\n<p>Tras conocer la exposici\u00f3n que hace un homenaje a la primera l\u00ednea del estallido social de octubre de 2019 en el museo del Palacio Vergara en la ciudad de Vi\u00f1a del Mar, el diputado de la UDI y miembro de la Comisi\u00f3n de Cultura de la C\u00e1mara, Gustavo Benavente, expres\u00f3 su m\u00e1s profundo malestar ante el \u201csilencio inexcusable por parte de la ministra de Cultura frente a una exposici\u00f3n que muestra como una virtud o m\u00e9rito lo m\u00e1s tr\u00e1gico del estallido social, como lo fue la destrucci\u00f3n y vandalismo del 18 de octubre en las principales ciudades del pa\u00eds\u201d.<\/p>\n\n\n\n<p>Ante esto, el parlamentario indic\u00f3 que \u201cla citaremos a la comisi\u00f3n, pues queremos saber si el ministerio financi\u00f3 dicha exposici\u00f3n y si financiaron tambi\u00e9n a los expositores\u201d.<\/p>\n\n\n\n<p>\u201cPero por sobre todo\u201d, agreg\u00f3 el diputado, \u201cqueremos saber su opini\u00f3n ante la delincuencia disfrazada de demandas sociales\u201d.Por ello, Benavente adelant\u00f3 que se mandar\u00e1 un oficio a la ministra Julieta Brodsky \u201cpidiendo explicaciones por este desatino, que en mi concepto, s\u00f3lo refleja lo que la ultraizquierda avala, al igual que lo hace parte de la Convenci\u00f3n, pero por un tema pol\u00edtico o de pudor, no lo se\u00f1alan p\u00fablicamente\u201d.<\/p>\n","protected":false},"excerpt":{"rendered":"<p>Tras conocer la exposici\u00f3n que hace un homenaje a la primera l\u00ednea del estallido social de octubre de 2019 en el museo del Palacio Vergara en la ciudad de Vi\u00f1a del Mar, el diputado de la UDI y miembro de la Comisi\u00f3n de Cultura de la C\u00e1mara, Gustavo Benavente, expres\u00f3 su m\u00e1s profundo malestar ante&#8230;<a class=\"btnReadMore\" href=\"https:\/\/www.semanariolocal.cl\/?p=6652\"> Leer M\u00e1s<\/a><\/p>\n","protected":false},"author":1,"featured_media":6653,"comment_status":"closed","ping_status":"closed","sticky":false,"template":"","format":"standard","meta":{"footnotes":""},"categories":[6],"tags":[],"class_list":["post-6652","post","type-post","status-publish","format-standard","has-post-thumbnail","hentry","category-politica"],"_links":{"self":[{"href":"https:\/\/www.semanariolocal.cl\/index.php?rest_route=\/wp\/v2\/posts\/6652","targetHints":{"allow":["GET"]}}],"collection":[{"href":"https:\/\/www.semanariolocal.cl\/index.php?rest_route=\/wp\/v2\/posts"}],"about":[{"href":"https:\/\/www.semanariolocal.cl\/index.php?rest_route=\/wp\/v2\/types\/post"}],"author":[{"embeddable":true,"href":"https:\/\/www.semanariolocal.cl\/index.php?rest_route=\/wp\/v2\/users\/1"}],"replies":[{"embeddable":true,"href":"https:\/\/www.semanariolocal.cl\/index.php?rest_route=%2Fwp%2Fv2%2Fcomments&post=6652"}],"version-history":[{"count":1,"href":"https:\/\/www.semanariolocal.cl\/index.php?rest_route=\/wp\/v2\/posts\/6652\/revisions"}],"predecessor-version":[{"id":6654,"href":"https:\/\/www.semanariolocal.cl\/index.php?rest_route=\/wp\/v2\/posts\/6652\/revisions\/6654"}],"wp:featuredmedia":[{"embeddable":true,"href":"https:\/\/www.semanariolocal.cl\/index.php?rest_route=\/wp\/v2\/media\/6653"}],"wp:attachment":[{"href":"https:\/\/www.semanariolocal.cl\/index.php?rest_route=%2Fwp%2Fv2%2Fmedia&parent=6652"}],"wp:term":[{"taxonomy":"category","embeddable":true,"href":"https:\/\/www.semanariolocal.cl\/index.php?rest_route=%2Fwp%2Fv2%2Fcategories&post=6652"},{"taxonomy":"post_tag","embeddable":true,"href":"https:\/\/www.semanariolocal.cl\/index.php?rest_route=%2Fwp%2Fv2%2Ftags&post=6652"}],"curies":[{"name":"wp","href":"https:\/\/api.w.org\/{rel}","templated":true}]}}