{"id":6649,"date":"2022-06-16T10:46:00","date_gmt":"2022-06-16T14:46:00","guid":{"rendered":"https:\/\/www.semanariolocal.cl\/?p=6649"},"modified":"2022-06-16T22:48:24","modified_gmt":"2022-06-17T02:48:24","slug":"maullin-representara-a-la-provincia-de-llanquihue-en-el-campeonato-regional-de-balonmano","status":"publish","type":"post","link":"https:\/\/www.semanariolocal.cl\/?p=6649","title":{"rendered":"Maull\u00edn representar\u00e1 a la Provincia de Llanquihue en el Campeonato Regional de Balonmano"},"content":{"rendered":"\n<p>Con la participaci\u00f3n de alumnos de las comunas de Maull\u00edn, Calbuco y Puerto Montt se efectu\u00f3 el Campeonato Provincial de Balonmano Sub 14 varones de los Juegos Deportivos Escolares.<\/p>\n\n\n\n<p>El selectivo se realiz\u00f3 en el gimnasio del Liceo de Hombres Manuel Montt de la capital regional, donde participaron deportistas de dicho establecimiento educacional, del Colegio San Miguel de Calbuco y una alianza de Maull\u00edn, conformada por estudiantes de la Escuela Rural Dorila \u00c1guila Aguilar, Escuela Juanita Gallardo y de la Escuela Los Arces.<\/p>\n\n\n\n<p>El primer lugar del campeonato fue para los representantes de Maull\u00edn, en el segundo lugar se ubic\u00f3 Calbuco y tercero result\u00f3 el representativo de Puerto Montt.<\/p>\n\n\n\n<p>Este certamen&nbsp; fue organizado por la Unidad de Deporte de Competici\u00f3n del Mindep IND y el Departamento Extraescolar de la comuna.<\/p>\n\n\n\n<p>Al respecto, la Seremi del Deporte, Carolina Urrutia Soto, se\u00f1al\u00f3 que \u201clos Juegos Deportivos Escolares convocan a estudiantes de establecimientos educacionales, tanto p\u00fablicos como privados y subvencionados, con el objetivo de fomentar la pr\u00e1ctica de la actividad f\u00edsica y deportiva a nivel escolar, siendo el inicio del deporte competitivo para los ni\u00f1os, ni\u00f1as y j\u00f3venes de todo el pa\u00eds\u201d.<\/p>\n","protected":false},"excerpt":{"rendered":"<p>La competencia regional est\u00e1 programada para el jueves 25 de agosto en Puerto Montt.<\/p>\n","protected":false},"author":1,"featured_media":6650,"comment_status":"closed","ping_status":"closed","sticky":false,"template":"","format":"standard","meta":{"footnotes":""},"categories":[3],"tags":[],"class_list":["post-6649","post","type-post","status-publish","format-standard","has-post-thumbnail","hentry","category-al-dia"],"_links":{"self":[{"href":"https:\/\/www.semanariolocal.cl\/index.php?rest_route=\/wp\/v2\/posts\/6649","targetHints":{"allow":["GET"]}}],"collection":[{"href":"https:\/\/www.semanariolocal.cl\/index.php?rest_route=\/wp\/v2\/posts"}],"about":[{"href":"https:\/\/www.semanariolocal.cl\/index.php?rest_route=\/wp\/v2\/types\/post"}],"author":[{"embeddable":true,"href":"https:\/\/www.semanariolocal.cl\/index.php?rest_route=\/wp\/v2\/users\/1"}],"replies":[{"embeddable":true,"href":"https:\/\/www.semanariolocal.cl\/index.php?rest_route=%2Fwp%2Fv2%2Fcomments&post=6649"}],"version-history":[{"count":1,"href":"https:\/\/www.semanariolocal.cl\/index.php?rest_route=\/wp\/v2\/posts\/6649\/revisions"}],"predecessor-version":[{"id":6651,"href":"https:\/\/www.semanariolocal.cl\/index.php?rest_route=\/wp\/v2\/posts\/6649\/revisions\/6651"}],"wp:featuredmedia":[{"embeddable":true,"href":"https:\/\/www.semanariolocal.cl\/index.php?rest_route=\/wp\/v2\/media\/6650"}],"wp:attachment":[{"href":"https:\/\/www.semanariolocal.cl\/index.php?rest_route=%2Fwp%2Fv2%2Fmedia&parent=6649"}],"wp:term":[{"taxonomy":"category","embeddable":true,"href":"https:\/\/www.semanariolocal.cl\/index.php?rest_route=%2Fwp%2Fv2%2Fcategories&post=6649"},{"taxonomy":"post_tag","embeddable":true,"href":"https:\/\/www.semanariolocal.cl\/index.php?rest_route=%2Fwp%2Fv2%2Ftags&post=6649"}],"curies":[{"name":"wp","href":"https:\/\/api.w.org\/{rel}","templated":true}]}}