{"id":6644,"date":"2022-06-17T08:05:00","date_gmt":"2022-06-17T12:05:00","guid":{"rendered":"https:\/\/www.semanariolocal.cl\/?p=6644"},"modified":"2022-06-16T22:45:22","modified_gmt":"2022-06-17T02:45:22","slug":"diputado-jurgensen-ministra-siches-es-responsable-del-desastre-que-hemos-vividos","status":"publish","type":"post","link":"https:\/\/www.semanariolocal.cl\/?p=6644","title":{"rendered":"Diputado J\u00fcrgensen: \u00abMinistra Siches es responsable del desastre que hemos vividos\u201d"},"content":{"rendered":"\n<p>El l\u00edbero de 159 p\u00e1ginas firmado por los diputados Harry J\u00fcrgensen, Crist\u00f3bal Urruticoechea, Chiara Barchiesi, Cristi\u00e1n Araya, Mauricio Ojeda, Agust\u00edn Romero, Leonidas Romero, Stephan Schubert, Jos\u00e9 Meza y Luis Fernando S\u00e1nchez, contiene siete cap\u00edtulos acusatorios.<\/p>\n\n\n\n<p>Al respecto el diputado por la Regi\u00f3n de Los Lagos, Harry J\u00fcrgensen expres\u00f3: \u201cla Ministra del Interior puso su ideolog\u00eda por sobre la seguridad de los chilenos, eso la llev\u00f3 a retirar querellas contra los delincuentes del estallido social, a respaldar que se retire el estado de excepci\u00f3n en La Araucan\u00eda, a no interponer acciones judiciales cuando sufri\u00f3 un atentado camino a Temucuicui y a hacer o\u00eddos sordos ante amenazas y llamados a la sedici\u00f3n de H\u00e9ctor Llaitul. Su actuar es imperdonable, porque ha causado muertes, heridos, p\u00e9rdidas materiales y fuentes de trabajo, dejando en la indefensi\u00f3n a las familias chilenas de norte a sur frente a la delincuencia y el terrorismo creciente.\u201d<\/p>\n\n\n\n<p>El documento se\u00f1ala que \u201cDurante la campa\u00f1a presidencial de 2009, el entonces candidato presidencial, Sebasti\u00e1n Pi\u00f1era, acu\u00f1\u00f3 una de las frases m\u00e1s memorables de la historia pol\u00edtica reciente en materia de seguridad: \u201cDelincuentes, se les acab\u00f3 la fiesta\u201d. Las gigantograf\u00edas, con el slogan y la fotograf\u00eda del expresidente cubr\u00edan, de norte a sur, de este a oeste, la geograf\u00eda nacional. Una promesa potente, pero vac\u00eda, que el tiempo no solo vino a desmentir de manera radical, sino que produjo el efecto totalmente contrario al que se quer\u00eda proyectar\u201d<\/p>\n\n\n\n<p>En palabras del parlamentario \u201cla Ministra del Interior es responsable jur\u00eddica y pol\u00edticamente del desastre que hemos vividos los chilenos los \u00faltimos meses, porque los delincuentes, narcotraficantes y terroristas saben que estamos frente a un gobierno y una Ministra del Interior que cierra los ojos ante la delincuencia y s\u00f3lo utiliza medidas parches que le permiten a los v\u00e1ndalos y terroristas seguir act\u00faan sin miedo a que existan&nbsp; consecuencias.\u201d<\/p>\n\n\n\n<p>Los siete cap\u00edtulos de la acusaci\u00f3n:<\/p>\n\n\n\n<p><br>En los cap\u00edtulos acusatorios los parlamentarios se refieren a sietes materias que constituir\u00edan infracciones a la Constituci\u00f3n y a los deberes del cargo de la Ministra del Interior:<\/p>\n\n\n\n<ol class=\"wp-block-list\"><li>Cap\u00edtulo Primero: el retiro de querellas presentadas por Ley de Seguridad Interior del Estado en contra de los causantes de robos, incendios, destrozos y otros delitos graves cometidos durante el medi\u00e1ticamente denominado \u201cestallido social\u201d y el proceso de desarticulaci\u00f3n de la divisi\u00f3n jur\u00eddica del Ministerio del Interior y Seguridad P\u00fablica.&nbsp;<\/li><li>Cap\u00edtulo Segundo: inejecuci\u00f3n de la ley al faltar a su obligaci\u00f3n de denunciar hechos constitutivos de delitos frente al grave atentado que sufri\u00f3 la Ministra del Interior y Seguridad P\u00fablica y su comitiva en la localidad de Temucuicui, que incluy\u00f3 la utilizaci\u00f3n de armas y la concreci\u00f3n de amenazas a la autoridad.<\/li><li>Cap\u00edtulo Tercero: El haber comprometido gravemente el honor de la Naci\u00f3n al utilizar, de manera imprudente e inoportuna el concepto Wallmapu para referirse a territorio chileno y argentino, generando un impasse pol\u00edtico y diplom\u00e1tico con autoridades de la Rep\u00fablica Argentina.<\/li><li>Cap\u00edtulo Cuarto: entregar informaciones inexactas o intencionalmente incompletas a la opini\u00f3n p\u00fablica y a la C\u00e1mara de Diputados, infringiendo el principio de probidad administrativa en lo referente a la expulsi\u00f3n masiva de ciudadanos venezolanos, la incautaci\u00f3n de armas a nivel nacional y las v\u00edctimas civiles en la Araucan\u00eda.<\/li><li>Cap\u00edtulo Quinto: dejar sin aplicaci\u00f3n la Ley de Migraci\u00f3n y Extranjer\u00eda, comprometiendo especialmente la situaci\u00f3n de las regiones de Arica y Parinacota, Tarapac\u00e1 y Antofagasta.<\/li><li>Cap\u00edtulo Sexto: reacci\u00f3n tard\u00eda, insuficiente y acotada frente a los graves acontecimientos de violencia en la Macrozona sur del pa\u00eds. Afectaci\u00f3n grave a la seguridad de la Naci\u00f3n e inejecuci\u00f3n de la Constituci\u00f3n y las leyes, afectando los Derechos Fundamentales de las personas.<\/li><li>Cap\u00edtulo S\u00e9ptimo: omisi\u00f3n de presentar denuncia y querella criminal en contra del l\u00edder de la autodenominada \u201cCoordinadora Arauco Malleco\u201d (CAM), H\u00e9ctor Llaitul, por sus declaraciones llamando a la resistencia armada contra el Estado de Chile.<\/li><\/ol>\n","protected":false},"excerpt":{"rendered":"<p>La tarde de este mi\u00e9rcoles diputados del Partido Republicano ingresaron en la C\u00e1mara de Diputados una acusaci\u00f3n constitucional contra la Ministra del Interior, Izkia Siches<\/p>\n","protected":false},"author":1,"featured_media":6645,"comment_status":"closed","ping_status":"closed","sticky":false,"template":"","format":"standard","meta":{"footnotes":""},"categories":[3],"tags":[],"class_list":["post-6644","post","type-post","status-publish","format-standard","has-post-thumbnail","hentry","category-al-dia"],"_links":{"self":[{"href":"https:\/\/www.semanariolocal.cl\/index.php?rest_route=\/wp\/v2\/posts\/6644","targetHints":{"allow":["GET"]}}],"collection":[{"href":"https:\/\/www.semanariolocal.cl\/index.php?rest_route=\/wp\/v2\/posts"}],"about":[{"href":"https:\/\/www.semanariolocal.cl\/index.php?rest_route=\/wp\/v2\/types\/post"}],"author":[{"embeddable":true,"href":"https:\/\/www.semanariolocal.cl\/index.php?rest_route=\/wp\/v2\/users\/1"}],"replies":[{"embeddable":true,"href":"https:\/\/www.semanariolocal.cl\/index.php?rest_route=%2Fwp%2Fv2%2Fcomments&post=6644"}],"version-history":[{"count":2,"href":"https:\/\/www.semanariolocal.cl\/index.php?rest_route=\/wp\/v2\/posts\/6644\/revisions"}],"predecessor-version":[{"id":6648,"href":"https:\/\/www.semanariolocal.cl\/index.php?rest_route=\/wp\/v2\/posts\/6644\/revisions\/6648"}],"wp:featuredmedia":[{"embeddable":true,"href":"https:\/\/www.semanariolocal.cl\/index.php?rest_route=\/wp\/v2\/media\/6645"}],"wp:attachment":[{"href":"https:\/\/www.semanariolocal.cl\/index.php?rest_route=%2Fwp%2Fv2%2Fmedia&parent=6644"}],"wp:term":[{"taxonomy":"category","embeddable":true,"href":"https:\/\/www.semanariolocal.cl\/index.php?rest_route=%2Fwp%2Fv2%2Fcategories&post=6644"},{"taxonomy":"post_tag","embeddable":true,"href":"https:\/\/www.semanariolocal.cl\/index.php?rest_route=%2Fwp%2Fv2%2Ftags&post=6644"}],"curies":[{"name":"wp","href":"https:\/\/api.w.org\/{rel}","templated":true}]}}