{"id":6641,"date":"2022-06-17T07:40:00","date_gmt":"2022-06-17T11:40:00","guid":{"rendered":"https:\/\/www.semanariolocal.cl\/?p=6641"},"modified":"2022-06-16T22:40:08","modified_gmt":"2022-06-17T02:40:08","slug":"especialista-explica-cuanto-afecta-a-chile-la-situacion-economica-de-estados-unidos","status":"publish","type":"post","link":"https:\/\/www.semanariolocal.cl\/?p=6641","title":{"rendered":"Especialista explica cu\u00e1nto afecta a Chile la situaci\u00f3n econ\u00f3mica de Estados Unidos"},"content":{"rendered":"\n<p>La Reserva Federal de Estados Unidos, como respuesta a la aceleraci\u00f3n de la inflaci\u00f3n interanual, subi\u00f3 la tasa de inter\u00e9s este mi\u00e9rcoles 15 de junio. Se trata del aumento m\u00e1s importante desde 1994, con un rango de entre 1,5% y 1,75%.<\/p>\n\n\n\n<p>\u201cEsta alza vino acompa\u00f1ada de una serie de anuncios sobre qu\u00e9 ocurrir\u00e1 con la econom\u00eda de Estados Unidos, en ese sentido, se sit\u00faa que el crecimiento del PIB va a estar en torno a 1,7% este a\u00f1o al que igual que para proyecciones del 2023, y reci\u00e9n para el 2024 habr\u00e1 un leve aumento de 1,9%\u201d, sostuvo Marcela Vera, economista y acad\u00e9mica de la Usach.<\/p>\n\n\n\n<p>En t\u00e9rminos macroecon\u00f3micos, explica la especialista, muestra que \u201chay un proceso de recesi\u00f3n incipiente en Estados Unidos, acompa\u00f1ado adem\u00e1s de un proceso inflacionario donde la inflaci\u00f3n en el mes de mayo estuvo en 8,6%, algo que no ocurr\u00eda desde hace 40 a\u00f1os\u201d.<\/p>\n\n\n\n<p>Respecto a c\u00f3mo esto afectar\u00e1 a la econom\u00eda chilena, fue clara. \u201cVa a tener un impacto muy fuerte, puesto que Estados Unidos al crecer menos, tambi\u00e9n crece menos la econom\u00eda global. Se demandan menos commodities, y en el caso nuestro, menos demanda de cobre que de hecho se encuentra cotizando en torno a los 4 d\u00f3lares por libra. Eso nos sit\u00faa en una situaci\u00f3n riesgosa en cuanto a t\u00e9rminos recesivos\u201d.<\/p>\n\n\n\n<p>\u201cAdem\u00e1s, vamos a tener la presencia de un alza en el valor que se cotiza el d\u00f3lar. Esto va a impactar al mercado del sector importador generando tambi\u00e9n una presi\u00f3n inflacionaria por el mercado externo. En ese sentido, para nuestro pa\u00eds se sit\u00faa este escenario de estancamiento al crecimiento econ\u00f3mico y por ende, una inflaci\u00f3n de dos d\u00edgitos. Es necesario considerar este escenario y que se tomen los resguardos econ\u00f3micos necesarios\u201d, finaliz\u00f3 la economista.<\/p>\n","protected":false},"excerpt":{"rendered":"<p>El pa\u00eds de Am\u00e9rica del Norte vive un \u201cproceso de recesi\u00f3n incipiente\u201d seg\u00fan palabras de Marcela Vera, economista y acad\u00e9mica de la U. de Santiago.<\/p>\n","protected":false},"author":1,"featured_media":6642,"comment_status":"closed","ping_status":"closed","sticky":false,"template":"","format":"standard","meta":{"footnotes":""},"categories":[12],"tags":[],"class_list":["post-6641","post","type-post","status-publish","format-standard","has-post-thumbnail","hentry","category-economia"],"_links":{"self":[{"href":"https:\/\/www.semanariolocal.cl\/index.php?rest_route=\/wp\/v2\/posts\/6641","targetHints":{"allow":["GET"]}}],"collection":[{"href":"https:\/\/www.semanariolocal.cl\/index.php?rest_route=\/wp\/v2\/posts"}],"about":[{"href":"https:\/\/www.semanariolocal.cl\/index.php?rest_route=\/wp\/v2\/types\/post"}],"author":[{"embeddable":true,"href":"https:\/\/www.semanariolocal.cl\/index.php?rest_route=\/wp\/v2\/users\/1"}],"replies":[{"embeddable":true,"href":"https:\/\/www.semanariolocal.cl\/index.php?rest_route=%2Fwp%2Fv2%2Fcomments&post=6641"}],"version-history":[{"count":1,"href":"https:\/\/www.semanariolocal.cl\/index.php?rest_route=\/wp\/v2\/posts\/6641\/revisions"}],"predecessor-version":[{"id":6643,"href":"https:\/\/www.semanariolocal.cl\/index.php?rest_route=\/wp\/v2\/posts\/6641\/revisions\/6643"}],"wp:featuredmedia":[{"embeddable":true,"href":"https:\/\/www.semanariolocal.cl\/index.php?rest_route=\/wp\/v2\/media\/6642"}],"wp:attachment":[{"href":"https:\/\/www.semanariolocal.cl\/index.php?rest_route=%2Fwp%2Fv2%2Fmedia&parent=6641"}],"wp:term":[{"taxonomy":"category","embeddable":true,"href":"https:\/\/www.semanariolocal.cl\/index.php?rest_route=%2Fwp%2Fv2%2Fcategories&post=6641"},{"taxonomy":"post_tag","embeddable":true,"href":"https:\/\/www.semanariolocal.cl\/index.php?rest_route=%2Fwp%2Fv2%2Ftags&post=6641"}],"curies":[{"name":"wp","href":"https:\/\/api.w.org\/{rel}","templated":true}]}}