{"id":6638,"date":"2022-06-17T07:45:00","date_gmt":"2022-06-17T11:45:00","guid":{"rendered":"https:\/\/www.semanariolocal.cl\/?p=6638"},"modified":"2022-06-16T22:33:59","modified_gmt":"2022-06-17T02:33:59","slug":"300-familias-de-macro-campamento-rahue-alto-avanzan-hacia-su-vivienda-definitiva","status":"publish","type":"post","link":"https:\/\/www.semanariolocal.cl\/?p=6638","title":{"rendered":"300 familias de macro campamento Rahue Alto avanzan hacia su vivienda definitiva"},"content":{"rendered":"\n<p class=\"wp-block-paragraph\">Un nuevo proyecto habitacional se levantar\u00e1 en las pr\u00f3ximas semanas en el sector de Francke, en Osorno, con lo que el Minvu dar\u00e1 respuesta a m\u00e1s de 300 familias del macrocampamento Rahue Alto, el asentamiento m\u00e1s grande de la Regi\u00f3n de Los Lagos. Esto porque se cumpli\u00f3 con la entrega de los certificados de subsidio habitacional del Minvu, documento que garantiza el financiamiento estatal de los 324 hogares que beneficiar\u00e1n a los socios y socias del comit\u00e9 Por Un Futuro Mejor III.<\/p>\n\n\n\n<p class=\"wp-block-paragraph\">El seremi del Minvu, Fabi\u00e1n Nail, explic\u00f3 que dentro de los \u00e9nfasis que su cartera y el Gobierno desean dar a la gesti\u00f3n de vivienda, se pretende no construir solo casas o solo una poblaci\u00f3n, sino hogares y barrios, donde las personas puedan convivir y crear comunidad. Expres\u00f3, adem\u00e1s, su compromiso con las familias de campamentos, para \u201cerradicar esta forma de vida, entregando soluciones habitacionales definitivas, recuperando la dignidad y entreg\u00e1ndoles las viviendas que merecen, entendiendo la vivienda como un derecho y no solo como un mero beneficio\u201d.<\/p>\n\n\n\n<p class=\"wp-block-paragraph\">Rub\u00e9n Lic\u00e1n, dirigente del macrocampamento Rahue Alto y presidente del comit\u00e9 Por Un Futuro Mejor III, expres\u00f3 su conformidad \u201cdespu\u00e9s de este trabajo arduo, que est\u00e1 dando frutos, estamos muy agradecidos los vecinos. Como siempre me lo propuse, estamos logrando sacar a casi todas las familias del macrocampamento y luego entregar el terreno al municipio como corresponde\u201d, se\u00f1al\u00f3.<\/p>\n\n\n\n<p class=\"wp-block-paragraph\">El proyecto de viviendas es fruto del trabajo de a\u00f1os del Ministerio de Vivienda y Urbanismo con las familias, a trav\u00e9s del Programa de Asentamientos Precarios del SERVIU Los Lagos, que acompa\u00f1\u00f3 a las familias del comit\u00e9 durante todo el proceso que demanda esta iniciativa. As\u00ed lo destac\u00f3 el director regional (s) de este organismo, Alvaro Valenzuela, quien, junto con felicitar a las familias beneficiadas, destac\u00f3 el rol de los funcionarios del SERVIU en este logro. \u201cEl mandato del Gobierno del Presidente Boric es construir m\u00e1s hogares y barrios para enfrentar la emergencia habitacional que vivimos como pa\u00eds y en ese trabajo estamos enfocados. En esa labor resulta fundamental el trabajo de nuestros funcionarios y funcionarias apoyando y acompa\u00f1ando durante todo el proceso a las familias del campamento, velando porque se llegue a un proyecto de calidad, como toda familia merece\u201d, resalt\u00f3.<\/p>\n\n\n\n<p class=\"wp-block-paragraph\">La delegada presidencial Giovanna Moreira, se mostr\u00f3 \u201cemocionada de estar aqu\u00ed y acompa\u00f1ar a las familias, en una lucha que no es desde hace un a\u00f1o o dos, sino de m\u00e1s de 10 a\u00f1os organiz\u00e1ndose, y los dirigentes golpeando puertas, trabajando en equipo con el Serviu, con el Ministerio de Vivienda, con la Municipalidad, para poder hacer realidad este proyecto. Esperamos muy pronto estar iniciando obras, poniendo la primera piedra en pocas semanas. Tambi\u00e9n estamos llevando el mensaje de nuestro Presidente Gabriel Boric, estando cerca de las personas, contando el trabajo que realizamos, que hoy se traduce en pol\u00edticas habitacionales que puedan entregarle una vida digna a las familias de la regi\u00f3n\u201d.<\/p>\n","protected":false},"excerpt":{"rendered":"<p>Un paso concreto hacia la casa propia, dieron los vecinos del comit\u00e9 Por Un Futuro Mejor III, tras recibir los certificados de subsidio del Minvu que permitir\u00e1n financiar la ejecuci\u00f3n de su proyecto habitacional. Ser\u00e1n 324 familias que dir\u00e1n adi\u00f3s al campamento m\u00e1s grande de la regi\u00f3n.<\/p>\n","protected":false},"author":1,"featured_media":6639,"comment_status":"closed","ping_status":"closed","sticky":false,"template":"","format":"standard","meta":{"footnotes":""},"categories":[3],"tags":[],"class_list":["post-6638","post","type-post","status-publish","format-standard","has-post-thumbnail","hentry","category-al-dia"],"_links":{"self":[{"href":"https:\/\/www.semanariolocal.cl\/index.php?rest_route=\/wp\/v2\/posts\/6638","targetHints":{"allow":["GET"]}}],"collection":[{"href":"https:\/\/www.semanariolocal.cl\/index.php?rest_route=\/wp\/v2\/posts"}],"about":[{"href":"https:\/\/www.semanariolocal.cl\/index.php?rest_route=\/wp\/v2\/types\/post"}],"author":[{"embeddable":true,"href":"https:\/\/www.semanariolocal.cl\/index.php?rest_route=\/wp\/v2\/users\/1"}],"replies":[{"embeddable":true,"href":"https:\/\/www.semanariolocal.cl\/index.php?rest_route=%2Fwp%2Fv2%2Fcomments&post=6638"}],"version-history":[{"count":1,"href":"https:\/\/www.semanariolocal.cl\/index.php?rest_route=\/wp\/v2\/posts\/6638\/revisions"}],"predecessor-version":[{"id":6640,"href":"https:\/\/www.semanariolocal.cl\/index.php?rest_route=\/wp\/v2\/posts\/6638\/revisions\/6640"}],"wp:featuredmedia":[{"embeddable":true,"href":"https:\/\/www.semanariolocal.cl\/index.php?rest_route=\/wp\/v2\/media\/6639"}],"wp:attachment":[{"href":"https:\/\/www.semanariolocal.cl\/index.php?rest_route=%2Fwp%2Fv2%2Fmedia&parent=6638"}],"wp:term":[{"taxonomy":"category","embeddable":true,"href":"https:\/\/www.semanariolocal.cl\/index.php?rest_route=%2Fwp%2Fv2%2Fcategories&post=6638"},{"taxonomy":"post_tag","embeddable":true,"href":"https:\/\/www.semanariolocal.cl\/index.php?rest_route=%2Fwp%2Fv2%2Ftags&post=6638"}],"curies":[{"name":"wp","href":"https:\/\/api.w.org\/{rel}","templated":true}]}}