{"id":6635,"date":"2022-06-17T07:50:00","date_gmt":"2022-06-17T11:50:00","guid":{"rendered":"https:\/\/www.semanariolocal.cl\/?p=6635"},"modified":"2022-06-16T22:30:48","modified_gmt":"2022-06-17T02:30:48","slug":"investigadores-de-inia-participan-en-8a-conferencia-internacional-sobre-efecto-invernadero","status":"publish","type":"post","link":"https:\/\/www.semanariolocal.cl\/?p=6635","title":{"rendered":"Investigadores de INIA participan en 8\u00aa Conferencia Internacional sobre Efecto Invernadero"},"content":{"rendered":"\n<p class=\"wp-block-paragraph\">Una destacada participaci\u00f3n tuvo el Instituto de Investigaciones Agropecuarias (INIA) en la 8\u00aa Conferencia Internacional sobre Gases de Efecto Invernadero derivados de la Ganader\u00eda. En la reuni\u00f3n se presentaron las \u00faltimas investigaciones sobre la mitigaci\u00f3n, medici\u00f3n y modelaci\u00f3n de gases de efecto invernadero, propiciando la discusi\u00f3n de pr\u00e1cticas y pol\u00edticas aplicadas en predios ganaderos para abordar los desaf\u00edos asociados con las pr\u00e1cticas agr\u00edcolas y su impacto en los gases de efecto invernadero.<\/p>\n\n\n\n<p class=\"wp-block-paragraph\">\u201cLa conferencia cont\u00f3 con variados y respetados oradores de renombre internacional, que revisaron el estado del arte y presentaron nuevos desarrollos significativos en el \u00e1rea\u201d, indic\u00f3 Camila Mu\u00f1oz, investigadora de INIA Remehue, quien particip\u00f3 en forma presencial en el evento.<\/p>\n\n\n\n<p class=\"wp-block-paragraph\">La Dra. Mu\u00f1oz present\u00f3 un trabajo sobre la interacci\u00f3n entre el tipo de concentrado y la masa forrajera en emisiones de metano de vacas lecheras en pastoreo, junto a Felipe Hern\u00e1ndez, Isadora Mu\u00f1oz, Ronaldo Munguia, Natalie Urrutia y Emilio Ungerfeld.&nbsp; Adem\u00e1s, particip\u00f3 como moderadora de la sesi\u00f3n: \u00abGases de efecto invernadero: Consideraciones para su medici\u00f3n y manejo\u00bb.<\/p>\n\n\n\n<p class=\"wp-block-paragraph\">Tambi\u00e9n asisti\u00f3 a este evento cient\u00edfico el Dr. Gabriel Donoso, investigador de INIA Quilamapu, quien present\u00f3 el tema \u201cMitigaci\u00f3n de emisi\u00f3n de metano mediante siembra directa en cultivo de arroz en Chile\u201d, trabajo desarrollados junto a los autores Viviana Becerra, Marta Alfaro, Sara Hube, Mario Paredes y Hamil Uribe.&nbsp;El trabajo destac\u00f3 la notable disminuci\u00f3n de emisiones de metano y el ahorro de agua, producto de la siembra directa y un sistema de riego que alterna periodos de inundaci\u00f3n y de seco.<\/p>\n\n\n\n<p class=\"wp-block-paragraph\">De INIA Remehue participaron en forma virtual, los investigadores Marta Alfaro, Francisco Salazar e Ignacio Beltr\u00e1n.<\/p>\n\n\n\n<p class=\"wp-block-paragraph\">La Dra. Alfaro dict\u00f3 la Conferencia Magistral \u00abCuantificaci\u00f3n de emisiones de gases de efecto invernadero de suelos y desarrollo de medidas de mitigaci\u00f3n\u00bb. \u201cEsta presentaci\u00f3n estuvo orientada a informar sobre el trabajo desarrollado por INIA en Chile en el \u00e1mbito de emisiones de gases de efecto invernadero de suelos, con \u00e9nfasis en \u00f3xido nitroso, y el desarrollo de tecnolog\u00edas y pr\u00e1cticas de manejo que favorecen la mitigaci\u00f3n de estos gases en nuestros sistemas productivos, incorporando mejores pr\u00e1cticas para el manejo de la fertilizaci\u00f3n nitrogenada, desarrollando fertilizantes foliares en base a nanomol\u00e9culas y evaluando el impacto de la incorporaci\u00f3n de leguminosas en nuestras praderas\u201d, explic\u00f3.<\/p>\n\n\n\n<p class=\"wp-block-paragraph\">Tambi\u00e9n present\u00f3 un poster sobre el efecto de la dosis, la intensidad de lluvia y el tiempo sobre la persistencia de formulaciones mejoradas para la aplicaci\u00f3n foliar de nitr\u00f3geno, con el objetivo de entregar antecedentes del efecto de la precipitaci\u00f3n sobre la efectividad de nuevos fertilizantes foliares empleados como una medida de mitigaci\u00f3n para reducir las emisiones de \u00f3xido nitroso en sistemas ganaderos.<\/p>\n\n\n\n<p class=\"wp-block-paragraph\">El Dr. Salazar, present\u00f3 el trabajo titulado \u201cBalance de carbono en un sistema de producci\u00f3n de leche pastoril: caso de estudio\u201d. Adem\u00e1s, destac\u00f3 que \u201chubo una participaci\u00f3n muy importante en el congreso, lo que da cuenta del trabajo realizado por INIA en esta importante tem\u00e1tica, abarcando distintos aspectos y zonas geogr\u00e1ficas\u201d.<\/p>\n\n\n\n<p class=\"wp-block-paragraph\">El Dr. Beltr\u00e1n, junto con ser coautor del trabajo presentado por Francisco Salazar, tambi\u00e9n particip\u00f3 como coautor del trabajo titulado \u201cModelos para predecir factores de emisi\u00f3n de amoniaco y \u00f3xido nitroso desde orina y esti\u00e9rcol&nbsp;aplicado a pradera y cultivos\u201d.<\/p>\n\n\n\n<p class=\"wp-block-paragraph\">Finalmente, el investigador de INIA Carillanca, Emilio Ungerfeld, present\u00f3 los trabajos \u201cEfectos sin\u00e9rgicos entre aceptores naturales de hidr\u00f3geno y un inhibidor de metanog\u00e9nesis en fermentaci\u00f3n ruminal in vitro\u201d, \u201cCombinaci\u00f3n in vivo de&nbsp;<em>Asparagopsis taxiformis<\/em>&nbsp;y floroglucinol para disminuir la producci\u00f3n de metano y mejorar la fermentaci\u00f3n en el rumen en cabras\u201d y \u201cMeta-an\u00e1lisis del efecto del contenido de carbohidratos solubles en Lolium perenne sobre la producci\u00f3n de metano ent\u00e9rico\u201d y uno ya mencionado por la investigadora Camila Mu\u00f1oz.<\/p>\n","protected":false},"excerpt":{"rendered":"<p>El evento se realiz\u00f3 en Orlando, Florida, Estados Unidos, entre los d\u00edas 5 y 10 de junio de 2022 y asistieron m\u00e1s de 400 delegados de m\u00e1s de 48 pa\u00edses.<\/p>\n","protected":false},"author":1,"featured_media":6636,"comment_status":"closed","ping_status":"closed","sticky":false,"template":"","format":"standard","meta":{"footnotes":""},"categories":[20,3],"tags":[],"class_list":["post-6635","post","type-post","status-publish","format-standard","has-post-thumbnail","hentry","category-agro","category-al-dia"],"_links":{"self":[{"href":"https:\/\/www.semanariolocal.cl\/index.php?rest_route=\/wp\/v2\/posts\/6635","targetHints":{"allow":["GET"]}}],"collection":[{"href":"https:\/\/www.semanariolocal.cl\/index.php?rest_route=\/wp\/v2\/posts"}],"about":[{"href":"https:\/\/www.semanariolocal.cl\/index.php?rest_route=\/wp\/v2\/types\/post"}],"author":[{"embeddable":true,"href":"https:\/\/www.semanariolocal.cl\/index.php?rest_route=\/wp\/v2\/users\/1"}],"replies":[{"embeddable":true,"href":"https:\/\/www.semanariolocal.cl\/index.php?rest_route=%2Fwp%2Fv2%2Fcomments&post=6635"}],"version-history":[{"count":1,"href":"https:\/\/www.semanariolocal.cl\/index.php?rest_route=\/wp\/v2\/posts\/6635\/revisions"}],"predecessor-version":[{"id":6637,"href":"https:\/\/www.semanariolocal.cl\/index.php?rest_route=\/wp\/v2\/posts\/6635\/revisions\/6637"}],"wp:featuredmedia":[{"embeddable":true,"href":"https:\/\/www.semanariolocal.cl\/index.php?rest_route=\/wp\/v2\/media\/6636"}],"wp:attachment":[{"href":"https:\/\/www.semanariolocal.cl\/index.php?rest_route=%2Fwp%2Fv2%2Fmedia&parent=6635"}],"wp:term":[{"taxonomy":"category","embeddable":true,"href":"https:\/\/www.semanariolocal.cl\/index.php?rest_route=%2Fwp%2Fv2%2Fcategories&post=6635"},{"taxonomy":"post_tag","embeddable":true,"href":"https:\/\/www.semanariolocal.cl\/index.php?rest_route=%2Fwp%2Fv2%2Ftags&post=6635"}],"curies":[{"name":"wp","href":"https:\/\/api.w.org\/{rel}","templated":true}]}}